{"id":114718,"date":"2024-05-20T11:10:35","date_gmt":"2024-05-20T14:10:35","guid":{"rendered":"https:\/\/www.actualidadadiario.com\/?p=114718"},"modified":"2024-05-20T11:10:35","modified_gmt":"2024-05-20T14:10:35","slug":"una-fabrica-de-neumaticos-cerro-su-planta-de-larroque-y-seis-personas-perdieron-sus-empleos","status":"publish","type":"post","link":"https:\/\/www.actualidadadiario.com\/index.php\/2024\/05\/20\/una-fabrica-de-neumaticos-cerro-su-planta-de-larroque-y-seis-personas-perdieron-sus-empleos\/","title":{"rendered":"Una f\u00e1brica de neum\u00e1ticos cerr\u00f3 su planta de Larroque y seis personas perdieron sus empleos"},"content":{"rendered":"<p style=\"text-align: center;\"><em><strong>Imperial Cord fue inaugurada en junio de 2021 y se dedicaba a la confecci\u00f3n de c\u00e1maras para ruedas de bicicletas. La empresa ahora concentrar\u00e1 todas las actividades en su planta dentro del Parque Industrial Gualeguaych\u00fa porque tambi\u00e9n qued\u00f3 frenada la instalaci\u00f3n de una sucursal en el Parque Industrial Seco<\/strong><\/em><\/p>\n<p>&nbsp;<\/p>\n<p>&nbsp;<\/p>\n<p>El empresario Daniel Bornico, director de Imperial Cord, atribuy\u00f3 esta decisi\u00f3n a las pol\u00edticas gubernamentales que, seg\u00fan \u00e9l, \u201cfavorecen cada vez m\u00e1s las importaciones\u201d. De esta forma, seis personas perdieron su empleo tras el cierre del taller, que desde junio de 2021 estaba dedicado a la confecci\u00f3n de c\u00e1maras para ruedas de bicicletas en Larroque. La empresa ahora concentrar\u00e1 todas las actividades en su planta dentro del Parque Industrial Gualeguaych\u00fa porque tambi\u00e9n qued\u00f3 frenada la instalaci\u00f3n de una sucursal en el Parque Industrial Seco.<\/p>\n<p>Uno de los extrabajadores explic\u00f3 que &#8220;llegaron con una escribana, nos explicaron que las importaciones perjudicaban a la empresa y que por eso deb\u00edan cerrar. Nos indemnizaron y a los pocos d\u00edas se llevaron todo el material y las herramientas y dejaron el galp\u00f3n vac\u00edo&#8221;.<\/p>\n<p>As\u00ed se sintetiza el episodio que le puso fin a una historia de un a\u00f1o y medio de producci\u00f3n en el galp\u00f3n de la calle Pauletti, que en su momento gener\u00f3 buenas expectativas por la generaci\u00f3n de mano de obra, aunque el sue\u00f1o se desplom\u00f3, seg\u00fan Daniel Bornico, con el cambio de gobierno y las nuevas pol\u00edticas econ\u00f3micas.<\/p>\n<p>\u201cLa obsesi\u00f3n del gobierno por aligerar las importaciones est\u00e1 perjudicando a la industria nacional\u201d, afirm\u00f3 Bornico. La reciente eliminaci\u00f3n de reglamentos t\u00e9cnicos para la Aduana, por la que ahora se permite un paso directo de productos que ya han sido revisados por el INTI, es un claro ejemplo de c\u00f3mo estas pol\u00edticas est\u00e1n afectando a los fabricantes locales&#8221; detall\u00f3.<\/p>\n<p>A pesar de las explicaciones oficiales, Bornico sostiene que hay un atraso cambiario que beneficia a los importadores, especialmente cuando las devaluaciones son m\u00ednimas, mientras que los costos para los productores nacionales aumentan significativamente, incluso en d\u00f3lares.<\/p>\n<p>La empresa, que tambi\u00e9n tiene una planta en San Mart\u00edn, Buenos Aires y otra en Gualeguaych\u00fa, ya han experimentado una reducci\u00f3n en su producci\u00f3n y est\u00e1 considerando m\u00e1s recortes en el futuro cercano.<\/p>\n<p>\u201cSi la situaci\u00f3n contin\u00faa as\u00ed, no tendr\u00e9 m\u00e1s opci\u00f3n que cerrar plantas para fin de a\u00f1o\u201d, advierte Bornico, destacando la imposibilidad de competir en un mercado que favorece las importaciones y pone en desventaja a la producci\u00f3n nacional. \u201cVamos mal, y si no hay cambios, la situaci\u00f3n solo empeorar\u00e1\u201d, concluy\u00f3, public\u00f3 El D\u00eda de Gualeguaych\u00fa.<\/p>\n","protected":false},"excerpt":{"rendered":"<p>Imperial Cord fue inaugurada en junio de 2021 y se dedicaba a la confecci\u00f3n de c\u00e1maras para ruedas de bicicletas. La empresa ahora concentrar\u00e1 todas las actividades en su planta dentro del Parque Industrial Gualeguaych\u00fa porque tambi\u00e9n qued\u00f3 frenada la instalaci\u00f3n de una sucursal en el Parque Industrial Seco &nbsp; &nbsp; El empresario Daniel Bornico, director de Imperial Cord, atribuy\u00f3 esta decisi\u00f3n a las pol\u00edticas gubernamentales que, seg\u00fan \u00e9l, \u201cfavorecen cada vez m\u00e1s las importaciones\u201d. De esta forma, seis personas perdieron su empleo tras el cierre del taller, que desde&#8230;<\/p>\n","protected":false},"author":3,"featured_media":114719,"comment_status":"closed","ping_status":"closed","sticky":false,"template":"","format":"standard","meta":[],"categories":[9],"tags":[],"_links":{"self":[{"href":"https:\/\/www.actualidadadiario.com\/index.php\/wp-json\/wp\/v2\/posts\/114718"}],"collection":[{"href":"https:\/\/www.actualidadadiario.com\/index.php\/wp-json\/wp\/v2\/posts"}],"about":[{"href":"https:\/\/www.actualidadadiario.com\/index.php\/wp-json\/wp\/v2\/types\/post"}],"author":[{"embeddable":true,"href":"https:\/\/www.actualidadadiario.com\/index.php\/wp-json\/wp\/v2\/users\/3"}],"replies":[{"embeddable":true,"href":"https:\/\/www.actualidadadiario.com\/index.php\/wp-json\/wp\/v2\/comments?post=114718"}],"version-history":[{"count":1,"href":"https:\/\/www.actualidadadiario.com\/index.php\/wp-json\/wp\/v2\/posts\/114718\/revisions"}],"predecessor-version":[{"id":114720,"href":"https:\/\/www.actualidadadiario.com\/index.php\/wp-json\/wp\/v2\/posts\/114718\/revisions\/114720"}],"wp:featuredmedia":[{"embeddable":true,"href":"https:\/\/www.actualidadadiario.com\/index.php\/wp-json\/wp\/v2\/media\/114719"}],"wp:attachment":[{"href":"https:\/\/www.actualidadadiario.com\/index.php\/wp-json\/wp\/v2\/media?parent=114718"}],"wp:term":[{"taxonomy":"category","embeddable":true,"href":"https:\/\/www.actualidadadiario.com\/index.php\/wp-json\/wp\/v2\/categories?post=114718"},{"taxonomy":"post_tag","embeddable":true,"href":"https:\/\/www.actualidadadiario.com\/index.php\/wp-json\/wp\/v2\/tags?post=114718"}],"curies":[{"name":"wp","href":"https:\/\/api.w.org\/{rel}","templated":true}]}}