{"id":114709,"date":"2024-05-17T15:40:43","date_gmt":"2024-05-17T18:40:43","guid":{"rendered":"https:\/\/www.actualidadadiario.com\/?p=114709"},"modified":"2024-05-17T15:40:43","modified_gmt":"2024-05-17T18:40:43","slug":"israel-a-la-cij-es-una-guerra-tragica-no-un-genocidio","status":"publish","type":"post","link":"https:\/\/www.actualidadadiario.com\/index.php\/2024\/05\/17\/israel-a-la-cij-es-una-guerra-tragica-no-un-genocidio\/","title":{"rendered":"Israel a la CIJ: &#8220;Es una guerra tr\u00e1gica, no un genocidio&#8221;"},"content":{"rendered":"<p style=\"text-align: center;\"><em><strong>Israel defendi\u00f3 la necesidad militar de su ofensiva en Gaza ante la Corte Internacional de Justicia, despu\u00e9s de que Sud\u00e1frica solicitara al tribunal que le ordene detener las operaciones en Rafah<\/strong><\/em><\/p>\n<p>&nbsp;<\/p>\n<p>&nbsp;<\/p>\n<p>El caso de &#8220;genocidio&#8221; promovido contra Israel ante la Corte Internacional de Justicia, en el que Sud\u00e1frica pide al alto tribunal de la ONU ordenar un alto el fuego en Gaza, &#8220;est\u00e1 totalmente desconectado de los hechos&#8221;, declar\u00f3 Israel ante los jueces el viernes.<\/p>\n<p>&#8220;Por cuarta vez, Sud\u00e1frica presenta al tribunal una imagen que est\u00e1 totalmente desconectada de los hechos y las circunstancias&#8221;, declar\u00f3 ante la CIJ en La Haya el abogado Gilad Noam, que representa al Estado de Israel. &#8220;(El caso) supone una burla de la atroz acusaci\u00f3n de genocidio&#8221;, dijo Noam.<\/p>\n<p>Antes de la presentaci\u00f3n de Israel, varias docenas de manifestantes de manifestantes proisrael\u00edes mostraron fotograf\u00edas de rehenes tomados por combatientes de Ham\u00e1s el 7 de octubre y exigiendo su liberaci\u00f3n.<\/p>\n<p>Ayer jueves, la embajadora de Sud\u00e1frica en Holanda, Vusimuzi Madonsela, solicit\u00f3 al tribunal que ordenara a Israel que &#8220;retire inmediata, total e incondicionalmente al Ej\u00e9rcito israel\u00ed de la totalidad de la Franja de Gaza&#8221;. El equipo jur\u00eddico sudafricano enmarc\u00f3 la operaci\u00f3n militar israel\u00ed israel\u00ed como parte de un plan genocida destinado a provocar la la destrucci\u00f3n del pueblo palestino.<\/p>\n<p>En sentencias anteriores, el tribunal ha rechazado las demandas de Israel de desestimar el caso y le orden\u00f3 que impidiera los actos de &#8220;genocidio&#8221; contra los palestinos.<\/p>\n","protected":false},"excerpt":{"rendered":"<p>Israel defendi\u00f3 la necesidad militar de su ofensiva en Gaza ante la Corte Internacional de Justicia, despu\u00e9s de que Sud\u00e1frica solicitara al tribunal que le ordene detener las operaciones en Rafah &nbsp; &nbsp; El caso de &#8220;genocidio&#8221; promovido contra Israel ante la Corte Internacional de Justicia, en el que Sud\u00e1frica pide al alto tribunal de la ONU ordenar un alto el fuego en Gaza, &#8220;est\u00e1 totalmente desconectado de los hechos&#8221;, declar\u00f3 Israel ante los jueces el viernes. &#8220;Por cuarta vez, Sud\u00e1frica presenta al tribunal una imagen que est\u00e1 totalmente desconectada&#8230;<\/p>\n","protected":false},"author":3,"featured_media":114710,"comment_status":"closed","ping_status":"closed","sticky":false,"template":"","format":"standard","meta":[],"categories":[4],"tags":[],"_links":{"self":[{"href":"https:\/\/www.actualidadadiario.com\/index.php\/wp-json\/wp\/v2\/posts\/114709"}],"collection":[{"href":"https:\/\/www.actualidadadiario.com\/index.php\/wp-json\/wp\/v2\/posts"}],"about":[{"href":"https:\/\/www.actualidadadiario.com\/index.php\/wp-json\/wp\/v2\/types\/post"}],"author":[{"embeddable":true,"href":"https:\/\/www.actualidadadiario.com\/index.php\/wp-json\/wp\/v2\/users\/3"}],"replies":[{"embeddable":true,"href":"https:\/\/www.actualidadadiario.com\/index.php\/wp-json\/wp\/v2\/comments?post=114709"}],"version-history":[{"count":1,"href":"https:\/\/www.actualidadadiario.com\/index.php\/wp-json\/wp\/v2\/posts\/114709\/revisions"}],"predecessor-version":[{"id":114711,"href":"https:\/\/www.actualidadadiario.com\/index.php\/wp-json\/wp\/v2\/posts\/114709\/revisions\/114711"}],"wp:featuredmedia":[{"embeddable":true,"href":"https:\/\/www.actualidadadiario.com\/index.php\/wp-json\/wp\/v2\/media\/114710"}],"wp:attachment":[{"href":"https:\/\/www.actualidadadiario.com\/index.php\/wp-json\/wp\/v2\/media?parent=114709"}],"wp:term":[{"taxonomy":"category","embeddable":true,"href":"https:\/\/www.actualidadadiario.com\/index.php\/wp-json\/wp\/v2\/categories?post=114709"},{"taxonomy":"post_tag","embeddable":true,"href":"https:\/\/www.actualidadadiario.com\/index.php\/wp-json\/wp\/v2\/tags?post=114709"}],"curies":[{"name":"wp","href":"https:\/\/api.w.org\/{rel}","templated":true}]}}