{"id":114699,"date":"2024-05-17T14:44:39","date_gmt":"2024-05-17T17:44:39","guid":{"rendered":"https:\/\/www.actualidadadiario.com\/?p=114699"},"modified":"2024-05-17T14:44:39","modified_gmt":"2024-05-17T17:44:39","slug":"diputados-presentan-un-proyecto-de-reduccion-de-tarifas-para-universidades","status":"publish","type":"post","link":"https:\/\/www.actualidadadiario.com\/index.php\/2024\/05\/17\/diputados-presentan-un-proyecto-de-reduccion-de-tarifas-para-universidades\/","title":{"rendered":"Diputados: presentan un proyecto de reducci\u00f3n de tarifas para universidades"},"content":{"rendered":"<p style=\"text-align: center;\"><em><strong>La diputada de Uni\u00f3n por la Patria (UP), Mar\u00eda Fernanda \u00c1vila, present\u00f3 una iniciativa que busca beneficiar a las universidades p\u00fablicas en medio del recorte presupuestario<\/strong><\/em><\/p>\n<p>&nbsp;<\/p>\n<p>&nbsp;<\/p>\n<p>La diputada de Uni\u00f3n por la Patria (UP), Mar\u00eda Fernanda \u00c1vila, present\u00f3 un proyecto para reducir la tarifa de servicios p\u00fablicos para las universidades nacionales y elev\u00f3 el pedido de tratamiento al presidente de la C\u00e1mara baja, Mart\u00edn Menem.<\/p>\n<p>El art\u00edculo 1 de la normativa busca incluir &#8220;a las Universidades Nacionales dentro del r\u00e9gimen tarifario espec\u00edfico para las entidades de bien p\u00fablico con los alcances de la Ley 27.218 y los cuadros tarifarios aplicables&#8221;.<\/p>\n<p>&#8220;El R\u00e9gimen Tarifario Espec\u00edfico que se establece en la presente ley supone el cobro de una tarifa, por parte de los prestadores de servicios p\u00fablicos, que resulta del cuadro tarifario respectivo a la categor\u00eda \u201centidad de bien p\u00fablico\u201d dispuesta por la ley 27.218&#8221;, agrega el texto.<\/p>\n<p>La presentaci\u00f3n de la iniciativa tiene como objetivo beneficiar a las universidades p\u00fablicas, en medio de tensiones con el gobierno nacional por el recorte presupuestario. Este mi\u00e9rcoles, el Poder Ejecutivo lleg\u00f3 a un acuerdo con la Universidad de Buenos Aires (UBA), pero no incluy\u00f3 al resto de las entidades que llevan adelante el reclamo.<\/p>\n<p>En la explicaci\u00f3n de su proyecto, \u00c1vila se\u00f1ala que &#8220;se fundamenta en el derecho a ense\u00f1ar y aprender que contiene el art\u00edculo 14 de la Constituci\u00f3n Nacional y en la Ley N\u00ba 26.206 de Educaci\u00f3n Nacional&#8221;.<\/p>\n<p>&#8220;En la actualidad estamos frente a un desfinanciamiento de las universidades que va en desmedro de los declamados objetivos de lograr el crecimiento econ\u00f3mico y social. La educaci\u00f3n es un derecho humano fundamental, y contar con un Estado presente para defenderla es de vital importancia&#8221;, se\u00f1al\u00f3.<\/p>\n<p>Y agreg\u00f3: &#8220;Es tarea ineludible del Estado emprender un camino que contemple situaciones particulares como la que se plantea en el proyecto, a fin de que las instituciones p\u00fablicas tengan un tratamiento adecuado a su naturaleza, que recepte sus caracter\u00edsticas propias y otorgue un marco legal protector del rol que las mismas tienen&#8221;.<\/p>\n","protected":false},"excerpt":{"rendered":"<p>La diputada de Uni\u00f3n por la Patria (UP), Mar\u00eda Fernanda \u00c1vila, present\u00f3 una iniciativa que busca beneficiar a las universidades p\u00fablicas en medio del recorte presupuestario &nbsp; &nbsp; La diputada de Uni\u00f3n por la Patria (UP), Mar\u00eda Fernanda \u00c1vila, present\u00f3 un proyecto para reducir la tarifa de servicios p\u00fablicos para las universidades nacionales y elev\u00f3 el pedido de tratamiento al presidente de la C\u00e1mara baja, Mart\u00edn Menem. El art\u00edculo 1 de la normativa busca incluir &#8220;a las Universidades Nacionales dentro del r\u00e9gimen tarifario espec\u00edfico para las entidades de bien p\u00fablico&#8230;<\/p>\n","protected":false},"author":3,"featured_media":114519,"comment_status":"closed","ping_status":"closed","sticky":false,"template":"","format":"standard","meta":[],"categories":[18],"tags":[],"_links":{"self":[{"href":"https:\/\/www.actualidadadiario.com\/index.php\/wp-json\/wp\/v2\/posts\/114699"}],"collection":[{"href":"https:\/\/www.actualidadadiario.com\/index.php\/wp-json\/wp\/v2\/posts"}],"about":[{"href":"https:\/\/www.actualidadadiario.com\/index.php\/wp-json\/wp\/v2\/types\/post"}],"author":[{"embeddable":true,"href":"https:\/\/www.actualidadadiario.com\/index.php\/wp-json\/wp\/v2\/users\/3"}],"replies":[{"embeddable":true,"href":"https:\/\/www.actualidadadiario.com\/index.php\/wp-json\/wp\/v2\/comments?post=114699"}],"version-history":[{"count":1,"href":"https:\/\/www.actualidadadiario.com\/index.php\/wp-json\/wp\/v2\/posts\/114699\/revisions"}],"predecessor-version":[{"id":114700,"href":"https:\/\/www.actualidadadiario.com\/index.php\/wp-json\/wp\/v2\/posts\/114699\/revisions\/114700"}],"wp:featuredmedia":[{"embeddable":true,"href":"https:\/\/www.actualidadadiario.com\/index.php\/wp-json\/wp\/v2\/media\/114519"}],"wp:attachment":[{"href":"https:\/\/www.actualidadadiario.com\/index.php\/wp-json\/wp\/v2\/media?parent=114699"}],"wp:term":[{"taxonomy":"category","embeddable":true,"href":"https:\/\/www.actualidadadiario.com\/index.php\/wp-json\/wp\/v2\/categories?post=114699"},{"taxonomy":"post_tag","embeddable":true,"href":"https:\/\/www.actualidadadiario.com\/index.php\/wp-json\/wp\/v2\/tags?post=114699"}],"curies":[{"name":"wp","href":"https:\/\/api.w.org\/{rel}","templated":true}]}}