{"id":114696,"date":"2024-05-17T14:43:29","date_gmt":"2024-05-17T17:43:29","guid":{"rendered":"https:\/\/www.actualidadadiario.com\/?p=114696"},"modified":"2024-05-17T14:43:41","modified_gmt":"2024-05-17T17:43:41","slug":"adorni-califico-a-sturzenegger-de-mente-brillante-pero-tomo-distancia-de-sus-dichos-sobre-el-impacto-del-ajuste","status":"publish","type":"post","link":"https:\/\/www.actualidadadiario.com\/index.php\/2024\/05\/17\/adorni-califico-a-sturzenegger-de-mente-brillante-pero-tomo-distancia-de-sus-dichos-sobre-el-impacto-del-ajuste\/","title":{"rendered":"Adorni calific\u00f3 a Sturzenegger de &#8220;mente brillante&#8221;, pero tom\u00f3 distancia de sus dichos sobre el impacto del ajuste"},"content":{"rendered":"<p style=\"text-align: center;\"><em><strong>El vocero presidencial hizo eco de los dichos del asesor, quien plante\u00f3 que &#8220;es mentira que el ajuste es doloroso&#8221;. &#8220;Corre por su cuenta&#8221;, respondi\u00f3 Adorni<\/strong><\/em><\/p>\n<p>&nbsp;<\/p>\n<p>&nbsp;<\/p>\n<p>El vocero presidencial, Manuel Adorni, tom\u00f3 distancia de los dichos de Federico Sturzenegger, a\u00fan no designado, pero asesor del presidente Javier Milei, quien plante\u00f3 que \u201ces mentira que el ajuste fiscal es doloroso\u201d. \u201cLo que diga corre por cuenta de la persona que lo dice\u201d, expres\u00f3 el funcionario.<\/p>\n<p>\u201cLo que entiendo que est\u00e1 detr\u00e1s de esa frase es que todo lo que se est\u00e1 haciendo es en vistas a tener una Argentina mejor, con mejores salarios y m\u00e1s trabajo\u201d, intent\u00f3 justificar el funcionario en la habitual conferencia de prensa al tiempo que defini\u00f3 al autor del DNU como \u201cuna mente brillante\u201d.<\/p>\n<p>Luego de que Sturzenegger dijera en un almuerzo del Rotary Club de Buenos Aires que &#8220;el ajuste fiscal es doloroso para el que se beneficia del gasto, para los que lo financiaban no&#8221;, el vocero explic\u00f3: \u201cEs dif\u00edcil no entender que buena parte de nosotros no la estamos pasando bien\u201d.<\/p>\n<p>\u201cNo la estamos pasando peor que antes porque la basura que estaba debajo de la alfombra\u2026Est\u00e1 claro que la mentira que vivimos durante tantos a\u00f1os, cuando hubiese que corregir iba a tener impacto\u201d, justific\u00f3 el vocero.<\/p>\n<p>Seg\u00fan Adorni, \u201cest\u00e1 claro que hay un mont\u00f3n de gente que est\u00e1 sufriendo las consecuencias del populismo berreta que se implement\u00f3 en la Argentina durante tantos a\u00f1os\u201d.<\/p>\n<p>\u201cEl populismo duele, lastima y empobrece\u201d, concluy\u00f3 tras sostener que los dichos del acad\u00e9mico fueron en perspectivas a futuro.<\/p>\n","protected":false},"excerpt":{"rendered":"<p>El vocero presidencial hizo eco de los dichos del asesor, quien plante\u00f3 que &#8220;es mentira que el ajuste es doloroso&#8221;. &#8220;Corre por su cuenta&#8221;, respondi\u00f3 Adorni &nbsp; &nbsp; El vocero presidencial, Manuel Adorni, tom\u00f3 distancia de los dichos de Federico Sturzenegger, a\u00fan no designado, pero asesor del presidente Javier Milei, quien plante\u00f3 que \u201ces mentira que el ajuste fiscal es doloroso\u201d. \u201cLo que diga corre por cuenta de la persona que lo dice\u201d, expres\u00f3 el funcionario. \u201cLo que entiendo que est\u00e1 detr\u00e1s de esa frase es que todo lo que&#8230;<\/p>\n","protected":false},"author":3,"featured_media":114236,"comment_status":"closed","ping_status":"closed","sticky":false,"template":"","format":"standard","meta":[],"categories":[18],"tags":[],"_links":{"self":[{"href":"https:\/\/www.actualidadadiario.com\/index.php\/wp-json\/wp\/v2\/posts\/114696"}],"collection":[{"href":"https:\/\/www.actualidadadiario.com\/index.php\/wp-json\/wp\/v2\/posts"}],"about":[{"href":"https:\/\/www.actualidadadiario.com\/index.php\/wp-json\/wp\/v2\/types\/post"}],"author":[{"embeddable":true,"href":"https:\/\/www.actualidadadiario.com\/index.php\/wp-json\/wp\/v2\/users\/3"}],"replies":[{"embeddable":true,"href":"https:\/\/www.actualidadadiario.com\/index.php\/wp-json\/wp\/v2\/comments?post=114696"}],"version-history":[{"count":2,"href":"https:\/\/www.actualidadadiario.com\/index.php\/wp-json\/wp\/v2\/posts\/114696\/revisions"}],"predecessor-version":[{"id":114698,"href":"https:\/\/www.actualidadadiario.com\/index.php\/wp-json\/wp\/v2\/posts\/114696\/revisions\/114698"}],"wp:featuredmedia":[{"embeddable":true,"href":"https:\/\/www.actualidadadiario.com\/index.php\/wp-json\/wp\/v2\/media\/114236"}],"wp:attachment":[{"href":"https:\/\/www.actualidadadiario.com\/index.php\/wp-json\/wp\/v2\/media?parent=114696"}],"wp:term":[{"taxonomy":"category","embeddable":true,"href":"https:\/\/www.actualidadadiario.com\/index.php\/wp-json\/wp\/v2\/categories?post=114696"},{"taxonomy":"post_tag","embeddable":true,"href":"https:\/\/www.actualidadadiario.com\/index.php\/wp-json\/wp\/v2\/tags?post=114696"}],"curies":[{"name":"wp","href":"https:\/\/api.w.org\/{rel}","templated":true}]}}