{"id":114694,"date":"2024-05-17T14:42:53","date_gmt":"2024-05-17T17:42:53","guid":{"rendered":"https:\/\/www.actualidadadiario.com\/?p=114694"},"modified":"2024-05-17T14:42:53","modified_gmt":"2024-05-17T17:42:53","slug":"pacto-de-mayo-el-gobierno-analiza-reprogramar-la-cumbre-para-el-20-junio-ante-la-demora-de-la-ley-bases","status":"publish","type":"post","link":"https:\/\/www.actualidadadiario.com\/index.php\/2024\/05\/17\/pacto-de-mayo-el-gobierno-analiza-reprogramar-la-cumbre-para-el-20-junio-ante-la-demora-de-la-ley-bases\/","title":{"rendered":"Pacto de Mayo: El Gobierno analiza reprogramar la cumbre para el 20 junio ante la demora de la Ley Bases"},"content":{"rendered":"<p style=\"text-align: center;\"><em><strong>El ministro de Interior Guillermo Francos asegur\u00f3 que lo m\u00e1s importante es que salga adelante el proyecto y que el Presidente baraja realizar el acto el D\u00eda de la Bandera. Adem\u00e1s, se mostr\u00f3 confiado en que se lograr\u00e1 firmar dictamen la pr\u00f3xima semana<\/strong><\/em><\/p>\n<p>&nbsp;<\/p>\n<p>&nbsp;<\/p>\n<p>Luego de no poder aprobarse la Ley Bases para el 25 de mayo como esperaba el presidente Javier Milei, el ministro del Interior Guillermo Francos asegur\u00f3 que podr\u00eda pasarse para el 20 de junio por ser el D\u00eda de la Bandera: \u201cTiene un efecto simb\u00f3lico importante\u201d. Adem\u00e1s, indic\u00f3 que se puede llegar al dictamen la pr\u00f3xima semana.<\/p>\n<p>El funcionario Francos asegur\u00f3 que considera que lo que est\u00e1 pasando con la ley es que se est\u00e1n aplicando mejoras que son positivas y que \u201cestamos cerca\u201d de la ley. \u201cNo s\u00e9 si los senadores del Frente de Todos son 33, pero no s\u00e9 si los 33 van a votar en contra\u201d.<\/p>\n<p>\u201cEl Presidente decidir\u00e1 cu\u00e1ndo es la fecha y \u00e9l decidir\u00e1 si lo hace o lo posterga. Tenemos el 20 de junio en Rosario en el Monumento a la Bandera\u201d. Pero de no salir, asegur\u00f3 que Milei va a seguir trabajando sin ella. Pero creo que Diputados va a acompa\u00f1ar.<\/p>\n<p>Y expres\u00f3 en La Naci\u00f3n +: \u201cSi vos le preguntas al presidente va a decir &#8216;si no sale, sigo gobernado sin ley&#8217; para el pa\u00eds que un presidente en minor\u00eda parlamentaria que no tiene un partido significativo, su personalidad con las ideas que \u00e9l expresaba, que no le den el primer instrumento que necesita para gobernar no tiene hist\u00f3ricamente\u201d.<\/p>\n<p>Por su parte, en cuanto al detalle cont\u00f3 que algunos senadores le plantearon dejar afuera la privatizaci\u00f3n de Aerol\u00edneas Argentinas. Tambi\u00e9n se refiri\u00f3 al RIGI y consider\u00f3 que va a tener cambios positivos para clarificar aspectos que generaban preocupaci\u00f3n en varios sectores de la pol\u00edtica.<\/p>\n<p>En cuanto a lo que suceder\u00e1 con el CEPO, Francos asegur\u00f3 que en caso de que \u201csi el Fondo u otro pusiera una suma de d\u00f3lares para cumplir ese paso, se podr\u00eda adelantar la liberaci\u00f3n\u201d.<\/p>\n","protected":false},"excerpt":{"rendered":"<p>El ministro de Interior Guillermo Francos asegur\u00f3 que lo m\u00e1s importante es que salga adelante el proyecto y que el Presidente baraja realizar el acto el D\u00eda de la Bandera. Adem\u00e1s, se mostr\u00f3 confiado en que se lograr\u00e1 firmar dictamen la pr\u00f3xima semana &nbsp; &nbsp; Luego de no poder aprobarse la Ley Bases para el 25 de mayo como esperaba el presidente Javier Milei, el ministro del Interior Guillermo Francos asegur\u00f3 que podr\u00eda pasarse para el 20 de junio por ser el D\u00eda de la Bandera: \u201cTiene un efecto simb\u00f3lico&#8230;<\/p>\n","protected":false},"author":3,"featured_media":113129,"comment_status":"closed","ping_status":"closed","sticky":false,"template":"","format":"standard","meta":[],"categories":[18],"tags":[],"_links":{"self":[{"href":"https:\/\/www.actualidadadiario.com\/index.php\/wp-json\/wp\/v2\/posts\/114694"}],"collection":[{"href":"https:\/\/www.actualidadadiario.com\/index.php\/wp-json\/wp\/v2\/posts"}],"about":[{"href":"https:\/\/www.actualidadadiario.com\/index.php\/wp-json\/wp\/v2\/types\/post"}],"author":[{"embeddable":true,"href":"https:\/\/www.actualidadadiario.com\/index.php\/wp-json\/wp\/v2\/users\/3"}],"replies":[{"embeddable":true,"href":"https:\/\/www.actualidadadiario.com\/index.php\/wp-json\/wp\/v2\/comments?post=114694"}],"version-history":[{"count":1,"href":"https:\/\/www.actualidadadiario.com\/index.php\/wp-json\/wp\/v2\/posts\/114694\/revisions"}],"predecessor-version":[{"id":114695,"href":"https:\/\/www.actualidadadiario.com\/index.php\/wp-json\/wp\/v2\/posts\/114694\/revisions\/114695"}],"wp:featuredmedia":[{"embeddable":true,"href":"https:\/\/www.actualidadadiario.com\/index.php\/wp-json\/wp\/v2\/media\/113129"}],"wp:attachment":[{"href":"https:\/\/www.actualidadadiario.com\/index.php\/wp-json\/wp\/v2\/media?parent=114694"}],"wp:term":[{"taxonomy":"category","embeddable":true,"href":"https:\/\/www.actualidadadiario.com\/index.php\/wp-json\/wp\/v2\/categories?post=114694"},{"taxonomy":"post_tag","embeddable":true,"href":"https:\/\/www.actualidadadiario.com\/index.php\/wp-json\/wp\/v2\/tags?post=114694"}],"curies":[{"name":"wp","href":"https:\/\/api.w.org\/{rel}","templated":true}]}}