{"id":114691,"date":"2024-05-17T14:42:13","date_gmt":"2024-05-17T17:42:13","guid":{"rendered":"https:\/\/www.actualidadadiario.com\/?p=114691"},"modified":"2024-05-17T14:42:13","modified_gmt":"2024-05-17T17:42:13","slug":"milei-llego-a-espana-para-apoyar-al-partido-vox-en-medio-de-cruces-con-el-gobierno-de-sanchez","status":"publish","type":"post","link":"https:\/\/www.actualidadadiario.com\/index.php\/2024\/05\/17\/milei-llego-a-espana-para-apoyar-al-partido-vox-en-medio-de-cruces-con-el-gobierno-de-sanchez\/","title":{"rendered":"Milei lleg\u00f3 a Espa\u00f1a para apoyar al partido Vox, en medio de cruces con el Gobierno de S\u00e1nchez"},"content":{"rendered":"<p style=\"text-align: center;\"><em><strong>El Presidente permanecer\u00e1 tres d\u00edas en Madrid, pero no mantendr\u00e1 reuniones con funcionarios espa\u00f1oles<\/strong><\/em><\/p>\n<p>&nbsp;<\/p>\n<p>&nbsp;<\/p>\n<p>El presidente Javier Milei aterriz\u00f3 hoy en Espa\u00f1a para compartir actividades con el l\u00edder del partido de derecha Vox, Santiago Abascal, en medio de la tensi\u00f3n con el Gobierno socialista de Pedro S\u00e1nchez, que volvi\u00f3 a criticar al mandatario libertario.<\/p>\n<p>Con gran parte de su Gabinete en el exterior: Nicol\u00e1s Posse (jefe de Gabinete) y Diana Mondino (Relaciones Exteriores, Comercio Internacional y Culto) en Washington; y Mariano C\u00faneo Libarona (Justicia) en Viena; el jefe de Estado opt\u00f3, al igual que el pasado martes, por postergar la habitual reuni\u00f3n con sus principales colaboradores.<\/p>\n<p>Junto a la secretaria general de la Presidencia, Karina Milei, el mandatario parti\u00f3 en el avi\u00f3n oficial ARG 01 pasadas las 15:30 con destino a Madrid.<\/p>\n<p>Luego de una breve escala en el Aeropuerto Gran Canaria, en las Islas Canarias, la aeronave aterriz\u00f3 en la capital espa\u00f1ola, donde Milei permanecer\u00e1 tres d\u00edas: durante ese per\u00edodo no tiene previsto mantener reuniones con funcionarios del Gobierno de Pedro S\u00e1nchez, en medio de la tensi\u00f3n entre ambas gestiones por sus diferencias ideol\u00f3gicas.<\/p>\n<p>De hecho, a poco de partir a Espa\u00f1a, el mandatario argentino volvi\u00f3 a ser criticado por colaboradores de S\u00e1nchez: \u00e9sta vez fue la ministra de Ciencia, Innovaci\u00f3n y Universidades, Diana Morant, quien lo acus\u00f3 de representar un &#8220;modelo negacionista&#8221; que &#8220;atenta<\/p>\n<p>contra la propia democracia&#8221;.<\/p>\n<p>Seg\u00fan inform\u00f3 el Gobierno, la primera actividad de Milei ser\u00e1 a las 14:30 (hora argentina) para presentar su libro &#8220;Capitalismo, socialismo y la trampa neocl\u00e1sica&#8221; en el Auditorio del diario La Raz\u00f3n: estar\u00e1n presentes el economista y autor del pr\u00f3logo, Juan Ram\u00f3n Rallo; el director del medio, Francisco Marhuenda; y el titular de la Editorial de Deusto, Roger Domingo.<\/p>\n<p>En tanto, el s\u00e1bado se reunir\u00e1 a las 4:30 (hora argentina) con CEOs de empresas espa\u00f1olas junto a la secretaria general de la Presidencia, Karina Milei, y el embajador argentino en Espa\u00f1a, Roberto Bosch Est\u00e9vez.<\/p>\n<p>Luego, a las 12:30 (hora argentina) el Presidente mantendr\u00e1 un encuentro con el diputado y presidente de Vox, Santiago Abascal, uno de sus aliados a nivel internacional.<\/p>\n<p>El domingo a las 8:30 (hora argentina) participar\u00e1 del encuentro &#8220;Europa Viva 24&#8221; de la derecha europea, organizado por Vox: en ese contexto, el l\u00edder libertario brindar\u00e1 un discurso.<\/p>\n<p>La cumbre de Vox se realizar\u00e1 en Madrid el 18 y 19 de mayo, semanas antes de las elecciones al Parlamento Europeo: en el evento, Abascal, f\u00e9rreo opositor al PSOE y aliado internacional de Milei, y los candidatos del partido presentar\u00e1n su programa para los comicios que se llevar\u00e1n a cabo en junio.<\/p>\n<p>La convenci\u00f3n &#8220;Europa Viva 24&#8221; reunir\u00e1 a militantes, dirigentes, diputados y simpatizantes del partido espa\u00f1ol como tambi\u00e9n a distintas personalidades internacionales invitadas. En esta oportunidad, se celebrar\u00e1 en el palacio de Vistalegre y se esperan m\u00e1s de 10.000 asistentes.<\/p>\n<p>Semanas atr\u00e1s, el mandatario argentino confirm\u00f3 en la red social X que iba a participar de esta cumbre y Abascal le respondi\u00f3: &#8220;Ser\u00e1 un placer y un orgullo recibirte de nuevo en el Europa Viva \u00b424, querido Javier Milei&#8221;.<\/p>\n<p>El estrecho lazo entre ambos qued\u00f3 de manifiesto en gestos como cuando el presidente de Vox particip\u00f3 de la investidura de Milei el 10 de diciembre y semanas m\u00e1s tarde, en enero de este a\u00f1o, el l\u00edder de La Libertad Avanza grab\u00f3 un mensaje que Abascal reprodujo al renovar por cuatro a\u00f1os la conducci\u00f3n del partido.<\/p>\n<p>Tras su paso por Espa\u00f1a, el pr\u00f3ximo lunes Milei ya estar\u00e1 de regreso en la Argentina.<\/p>\n","protected":false},"excerpt":{"rendered":"<p>El Presidente permanecer\u00e1 tres d\u00edas en Madrid, pero no mantendr\u00e1 reuniones con funcionarios espa\u00f1oles &nbsp; &nbsp; El presidente Javier Milei aterriz\u00f3 hoy en Espa\u00f1a para compartir actividades con el l\u00edder del partido de derecha Vox, Santiago Abascal, en medio de la tensi\u00f3n con el Gobierno socialista de Pedro S\u00e1nchez, que volvi\u00f3 a criticar al mandatario libertario. Con gran parte de su Gabinete en el exterior: Nicol\u00e1s Posse (jefe de Gabinete) y Diana Mondino (Relaciones Exteriores, Comercio Internacional y Culto) en Washington; y Mariano C\u00faneo Libarona (Justicia) en Viena; el jefe&#8230;<\/p>\n","protected":false},"author":3,"featured_media":114692,"comment_status":"closed","ping_status":"closed","sticky":false,"template":"","format":"standard","meta":[],"categories":[18],"tags":[],"_links":{"self":[{"href":"https:\/\/www.actualidadadiario.com\/index.php\/wp-json\/wp\/v2\/posts\/114691"}],"collection":[{"href":"https:\/\/www.actualidadadiario.com\/index.php\/wp-json\/wp\/v2\/posts"}],"about":[{"href":"https:\/\/www.actualidadadiario.com\/index.php\/wp-json\/wp\/v2\/types\/post"}],"author":[{"embeddable":true,"href":"https:\/\/www.actualidadadiario.com\/index.php\/wp-json\/wp\/v2\/users\/3"}],"replies":[{"embeddable":true,"href":"https:\/\/www.actualidadadiario.com\/index.php\/wp-json\/wp\/v2\/comments?post=114691"}],"version-history":[{"count":1,"href":"https:\/\/www.actualidadadiario.com\/index.php\/wp-json\/wp\/v2\/posts\/114691\/revisions"}],"predecessor-version":[{"id":114693,"href":"https:\/\/www.actualidadadiario.com\/index.php\/wp-json\/wp\/v2\/posts\/114691\/revisions\/114693"}],"wp:featuredmedia":[{"embeddable":true,"href":"https:\/\/www.actualidadadiario.com\/index.php\/wp-json\/wp\/v2\/media\/114692"}],"wp:attachment":[{"href":"https:\/\/www.actualidadadiario.com\/index.php\/wp-json\/wp\/v2\/media?parent=114691"}],"wp:term":[{"taxonomy":"category","embeddable":true,"href":"https:\/\/www.actualidadadiario.com\/index.php\/wp-json\/wp\/v2\/categories?post=114691"},{"taxonomy":"post_tag","embeddable":true,"href":"https:\/\/www.actualidadadiario.com\/index.php\/wp-json\/wp\/v2\/tags?post=114691"}],"curies":[{"name":"wp","href":"https:\/\/api.w.org\/{rel}","templated":true}]}}