{"id":114689,"date":"2024-05-17T13:00:43","date_gmt":"2024-05-17T16:00:43","guid":{"rendered":"https:\/\/www.actualidadadiario.com\/?p=114689"},"modified":"2024-05-17T13:00:43","modified_gmt":"2024-05-17T16:00:43","slug":"desde-coalicion-federal-exigen-informacion-sobre-los-viajes-de-milei-al-exterior","status":"publish","type":"post","link":"https:\/\/www.actualidadadiario.com\/index.php\/2024\/05\/17\/desde-coalicion-federal-exigen-informacion-sobre-los-viajes-de-milei-al-exterior\/","title":{"rendered":"Desde Coalici\u00f3n Federal exigen informaci\u00f3n sobre los viajes de Milei al exterior"},"content":{"rendered":"<p style=\"text-align: center;\"><em><strong>Oscar Agost Carre\u00f1o y Margarita Stolbizer presentaron un proyecto de ley para requerir informaci\u00f3n sobre las razones de dichos viajes, los costos y fondos utilizados, el itinerario de las visitas, actividades y comitivas<\/strong><\/em><\/p>\n<p>&nbsp;<\/p>\n<p>&nbsp;<\/p>\n<p>Los diputados nacionales de Hacemos Coalici\u00f3n Federal, Oscar Agost Carre\u00f1o y Margarita Stolbizer, presentaron un proyecto de ley para solicitar al Poder Ejecutivo Nacional informaci\u00f3n detallada sobre los viajes realizados por el presidente Javier Milei durante este a\u00f1o.<\/p>\n<p>Concretamente solicitan que se brinde informaci\u00f3n detallada sobre las razones de dichos viajes, el itinerario de las visitas, las actividades en las que particip\u00f3 el presidente, as\u00ed como tambi\u00e9n los fondos utilizados y el costo de cada uno de los viajes.<\/p>\n<p>Adem\u00e1s, pidieron informaci\u00f3n sobre la rendici\u00f3n de fondos asignados a tales fines, la modalidad de contrataci\u00f3n de vuelos, los dispositivos de seguridad implementados y la cantidad de personas que integraron las respectivas comitivas.<\/p>\n<p>El proyecto de ley de Agost Carre\u00f1o y Stolbizer est\u00e1 fundamentado en el art\u00edculo 71 de la Constituci\u00f3n Nacional y el art\u00edculo 204 del reglamento de la Honorable C\u00e1mara de Diputados.<\/p>\n<p>Seg\u00fan se aclar\u00f3 en un comunicado, los diputados de Hacemos Coalici\u00f3n Federal destacaron que el pedido de informaci\u00f3n \u201cno busca cuestionar al Presidente ni a los viajes realizados, sino garantizar la transparencia en el uso de los recursos p\u00fablicos y las acciones de gobierno\u201d.<\/p>\n","protected":false},"excerpt":{"rendered":"<p>Oscar Agost Carre\u00f1o y Margarita Stolbizer presentaron un proyecto de ley para requerir informaci\u00f3n sobre las razones de dichos viajes, los costos y fondos utilizados, el itinerario de las visitas, actividades y comitivas &nbsp; &nbsp; Los diputados nacionales de Hacemos Coalici\u00f3n Federal, Oscar Agost Carre\u00f1o y Margarita Stolbizer, presentaron un proyecto de ley para solicitar al Poder Ejecutivo Nacional informaci\u00f3n detallada sobre los viajes realizados por el presidente Javier Milei durante este a\u00f1o. Concretamente solicitan que se brinde informaci\u00f3n detallada sobre las razones de dichos viajes, el itinerario de las&#8230;<\/p>\n","protected":false},"author":3,"featured_media":114612,"comment_status":"closed","ping_status":"closed","sticky":false,"template":"","format":"standard","meta":[],"categories":[18],"tags":[],"_links":{"self":[{"href":"https:\/\/www.actualidadadiario.com\/index.php\/wp-json\/wp\/v2\/posts\/114689"}],"collection":[{"href":"https:\/\/www.actualidadadiario.com\/index.php\/wp-json\/wp\/v2\/posts"}],"about":[{"href":"https:\/\/www.actualidadadiario.com\/index.php\/wp-json\/wp\/v2\/types\/post"}],"author":[{"embeddable":true,"href":"https:\/\/www.actualidadadiario.com\/index.php\/wp-json\/wp\/v2\/users\/3"}],"replies":[{"embeddable":true,"href":"https:\/\/www.actualidadadiario.com\/index.php\/wp-json\/wp\/v2\/comments?post=114689"}],"version-history":[{"count":1,"href":"https:\/\/www.actualidadadiario.com\/index.php\/wp-json\/wp\/v2\/posts\/114689\/revisions"}],"predecessor-version":[{"id":114690,"href":"https:\/\/www.actualidadadiario.com\/index.php\/wp-json\/wp\/v2\/posts\/114689\/revisions\/114690"}],"wp:featuredmedia":[{"embeddable":true,"href":"https:\/\/www.actualidadadiario.com\/index.php\/wp-json\/wp\/v2\/media\/114612"}],"wp:attachment":[{"href":"https:\/\/www.actualidadadiario.com\/index.php\/wp-json\/wp\/v2\/media?parent=114689"}],"wp:term":[{"taxonomy":"category","embeddable":true,"href":"https:\/\/www.actualidadadiario.com\/index.php\/wp-json\/wp\/v2\/categories?post=114689"},{"taxonomy":"post_tag","embeddable":true,"href":"https:\/\/www.actualidadadiario.com\/index.php\/wp-json\/wp\/v2\/tags?post=114689"}],"curies":[{"name":"wp","href":"https:\/\/api.w.org\/{rel}","templated":true}]}}