{"id":114687,"date":"2024-05-17T13:00:07","date_gmt":"2024-05-17T16:00:07","guid":{"rendered":"https:\/\/www.actualidadadiario.com\/?p=114687"},"modified":"2024-05-17T13:00:07","modified_gmt":"2024-05-17T16:00:07","slug":"no-hubo-dictamen-de-la-ley-bases-y-comienza-una-nueva-era-de-negociaciones","status":"publish","type":"post","link":"https:\/\/www.actualidadadiario.com\/index.php\/2024\/05\/17\/no-hubo-dictamen-de-la-ley-bases-y-comienza-una-nueva-era-de-negociaciones\/","title":{"rendered":"No hubo dictamen de la Ley Bases y comienza una nueva era de negociaciones"},"content":{"rendered":"<p style=\"text-align: center;\"><em><strong>Faltaron las mismas 7 firmas de la semana pasada. Le pasaron la pelota a Victoria Villarruel y lo primero que hizo fue reunirse con Mart\u00edn Lousteau. El Pacto de Mayo se desdibuj\u00f3 por completo<\/strong><\/em><\/p>\n<p>&nbsp;<\/p>\n<p>&nbsp;<\/p>\n<p>El oficialismo no logr\u00f3 dictaminar la Ley Bases en el Senado este jueves: se trat\u00f3 del segundo y \u00faltimo intento de conseguir las adhesiones para llegar al recinto antes del Pacto de Mayo, y todo indica que el tratamiento se continuar\u00e1 dilatando. Ahora, apuntan a continuar con el plenario de comisiones y conseguir las firmas para el martes o el mi\u00e9rcoles que viene, con una nueva jugadora: la vicepresidenta Victoria Villarruel.<\/p>\n<p>Seg\u00fan dijo uno de los legisladores disidentes, en la \u00faltima semana LLA no pudo convencer a ninguno de los siete que les falt\u00f3 para dictaminar la semana pasada. Se trata del tr\u00edo de &#8220;radicales libres&#8221; Mart\u00edn Lousteau, Maximiliano Abad y Pablo Blanco, la larretista del PRO Guadalupe Tagliaferri, y los senadores de partidos provinciales Edgardo Kueider, Alejandra Vigo y Juan Carlos Romero.<\/p>\n<p>&nbsp;<\/p>\n<p><strong>Tensi\u00f3n entre Poderes<\/strong><\/p>\n<p>Los arreglos todav\u00eda no comenzaron. Si bien del entorno libertario consideran que el di\u00e1logo con los distintos bloques no comienza de cero, los radicales que presentan diferencias con el proyecto sostuvieron que &#8220;todav\u00eda no hubo negociaci\u00f3n&#8221;, a pesar de que mantuvieron reuniones desde el viernes pasado con los funcionarios.<\/p>\n<p>Ninguna dio resultado y, despu\u00e9s de 10 d\u00edas de tratamiento, reci\u00e9n este jueves a la 1 de la tarde decidieron incluir a Villarruel, presidenta del Senado, para derivarle la gesti\u00f3n estrat\u00e9gica para aprobar el proyecto en la C\u00e1mara alta. Se oficializ\u00f3 a trav\u00e9s de una reuni\u00f3n que mantuvo con el ministro Guillermo Francos, el vicejefe de Gabinete Jos\u00e9 Rolandi y la Secretaria de Planeamiento Estrat\u00e9gico, Mar\u00eda Ibarzabal Murphy. Dur\u00f3 una hora y media, mientras segu\u00edan exponiendo los oradores en el plenario de comisiones.<\/p>\n<p>El presidente de la C\u00e1mara de Diputados, Mart\u00edn Menem, no particip\u00f3 del encuentro, pero s\u00ed se lo vio recorriendo los pasillos del Senado en b\u00fasqueda de Rolandi.<\/p>\n<p>&nbsp;<\/p>\n<p><strong>\u00bfQu\u00e9 cambia a partir de esa reuni\u00f3n? <\/strong><\/p>\n<p>&#8220;Aprobar la Ley Bases&#8221;, aseguraron allegados a la vice. La Presidencia del Senado hasta hoy se hab\u00eda mantenido al margen de las negociaciones, a pesar de albergar di\u00e1logo constante con los legisladores de la casa. La primera decisi\u00f3n que tom\u00f3 Villarruel, ahora al mando, fue reunirse con Mart\u00edn Lousteau, presidente de la UCR y principal cr\u00edtico del proyecto. &#8220;Fue una conversaci\u00f3n pol\u00edtica, no hubo negociaci\u00f3n&#8221;, revel\u00f3 una fuente cercana.<\/p>\n<p>Durante la semana, el oficialismo inst\u00f3 a los bloques a que presenten un pedido cada uno con todos los cambios. La UCR ayer envi\u00f3 un punteo de temas, pero no se pudo llegar a un acuerdo con el presidente de la bancada, Eduardo Vischi, porque hay posiciones divididas. Lo mismo ocurre con el PRO, liderado por Luis Juez, que no quiere presentar cambios, pero Tagliaferri mantiene una larga lista de propuestas, muchas en coincidencia con el radicalismo de Lousteau.<\/p>\n<p>Eso complica el avance de las negociaciones. &#8220;Hay una divisi\u00f3n de poderes. No corresponde que el Ejecutivo se re\u00fana con los senadores&#8221;, criticaron fuentes oficiales en referencia al encuentro que tuvo Lousteau con Francos el viernes pasado. De hecho, Vischi se reuni\u00f3 en la Casa Rosada con Rolandi el martes. Ambos encuentros fueron a espaldas de los miembros del partido, que desconoc\u00edan de las conversaciones. Lo cierto es que la b\u00fasqueda de consensos no es por bloque, sino por senador, y dejaron al desnudo las internas.<\/p>\n<p>Los n\u00fameros contin\u00faan ajustados y UP se cree optimista de que, de los cuatro n\u00fameros que le faltan para hacerse de la mayor\u00eda, hay dos que ya los tienen. De LLA pensaban terminar de conseguir las firmas entre hoy y ma\u00f1ana: el plan fue, seg\u00fan le dijeron a este medio, que el dictamen se complete el viernes con las firmas que faltan -terminar\u00eda teniendo un dictamen con la fecha del jueves-. Pero los senadores del oficialismo brillaron por su ausencia en el plenario.<\/p>\n<p>La reuni\u00f3n entre las comisiones de Asuntos Constitucionales, Legislaci\u00f3n General y Presupuesto y Hacienda continu\u00f3 desde las 10.30 hasta la noche con los expositores. Con atrasos, buscaban que Presupuesto se re\u00fana para seguir debatiendo el paquete fiscal, pero no dieron los tiempos y el plenario para Ley Bases continuar\u00e1 la semana que viene.<\/p>\n<p>&nbsp;<\/p>\n<p><strong>Qu\u00e9 pasar\u00e1 con el Pacto de Mayo<\/strong><\/p>\n<p>La semana pasada, el oficialismo se resign\u00f3 a que la fecha l\u00edmite que se impusieron para la sanci\u00f3n de la ley Bases y el paquete fiscal no iba a poder prosperar debido a que el Senado se mostr\u00f3 esc\u00e9ptico del proyecto que tuvo luz verde en Diputados. El hecho de que iba a regresar a la C\u00e1mara baja con modificaciones comenz\u00f3 a ser el mejor escenario, pero el cronograma se comenz\u00f3 a desdibujar cuando no consiguieron dictaminar ni con disidencias.<\/p>\n<p>Lo pensaban intentar otra vez esta semana y agotaron todas las posibilidades. El Ejecutivo pretend\u00eda que el pacto con los gobernadores en C\u00f3rdoba sea con la ley aprobada, aunque sea en general, en el Senado, pero por la obligatoriedad de los 7 d\u00edas entre dictamen y sesi\u00f3n que establece el reglamento, deb\u00edan conseguir las firmas este jueves para llegar al recinto el 23 de mayo. El plan, oficialmente, se cay\u00f3 este jueves.<\/p>\n<p>Hay dos opciones: que el Pacto de Mayo sea entre miembros del oficialismo, sin gobernadores -versi\u00f3n que trascendi\u00f3 de Rosada este mi\u00e9rcoles-, o que se posponga para junio -la pr\u00f3xima fecha patria es el 20 de ese mes-, o en julio, para el D\u00eda de la Independencia, con otro nombre. Todav\u00eda no confirman ninguna.<\/p>\n","protected":false},"excerpt":{"rendered":"<p>Faltaron las mismas 7 firmas de la semana pasada. Le pasaron la pelota a Victoria Villarruel y lo primero que hizo fue reunirse con Mart\u00edn Lousteau. El Pacto de Mayo se desdibuj\u00f3 por completo &nbsp; &nbsp; El oficialismo no logr\u00f3 dictaminar la Ley Bases en el Senado este jueves: se trat\u00f3 del segundo y \u00faltimo intento de conseguir las adhesiones para llegar al recinto antes del Pacto de Mayo, y todo indica que el tratamiento se continuar\u00e1 dilatando. Ahora, apuntan a continuar con el plenario de comisiones y conseguir las&#8230;<\/p>\n","protected":false},"author":3,"featured_media":114230,"comment_status":"closed","ping_status":"closed","sticky":false,"template":"","format":"standard","meta":[],"categories":[18],"tags":[],"_links":{"self":[{"href":"https:\/\/www.actualidadadiario.com\/index.php\/wp-json\/wp\/v2\/posts\/114687"}],"collection":[{"href":"https:\/\/www.actualidadadiario.com\/index.php\/wp-json\/wp\/v2\/posts"}],"about":[{"href":"https:\/\/www.actualidadadiario.com\/index.php\/wp-json\/wp\/v2\/types\/post"}],"author":[{"embeddable":true,"href":"https:\/\/www.actualidadadiario.com\/index.php\/wp-json\/wp\/v2\/users\/3"}],"replies":[{"embeddable":true,"href":"https:\/\/www.actualidadadiario.com\/index.php\/wp-json\/wp\/v2\/comments?post=114687"}],"version-history":[{"count":1,"href":"https:\/\/www.actualidadadiario.com\/index.php\/wp-json\/wp\/v2\/posts\/114687\/revisions"}],"predecessor-version":[{"id":114688,"href":"https:\/\/www.actualidadadiario.com\/index.php\/wp-json\/wp\/v2\/posts\/114687\/revisions\/114688"}],"wp:featuredmedia":[{"embeddable":true,"href":"https:\/\/www.actualidadadiario.com\/index.php\/wp-json\/wp\/v2\/media\/114230"}],"wp:attachment":[{"href":"https:\/\/www.actualidadadiario.com\/index.php\/wp-json\/wp\/v2\/media?parent=114687"}],"wp:term":[{"taxonomy":"category","embeddable":true,"href":"https:\/\/www.actualidadadiario.com\/index.php\/wp-json\/wp\/v2\/categories?post=114687"},{"taxonomy":"post_tag","embeddable":true,"href":"https:\/\/www.actualidadadiario.com\/index.php\/wp-json\/wp\/v2\/tags?post=114687"}],"curies":[{"name":"wp","href":"https:\/\/api.w.org\/{rel}","templated":true}]}}