{"id":114674,"date":"2024-05-17T12:53:08","date_gmt":"2024-05-17T15:53:08","guid":{"rendered":"https:\/\/www.actualidadadiario.com\/?p=114674"},"modified":"2024-05-17T12:53:08","modified_gmt":"2024-05-17T15:53:08","slug":"establecen-el-nuevo-valor-de-la-movilidad-jubilatoria-y-confirmo-un-aumento-para-junio","status":"publish","type":"post","link":"https:\/\/www.actualidadadiario.com\/index.php\/2024\/05\/17\/establecen-el-nuevo-valor-de-la-movilidad-jubilatoria-y-confirmo-un-aumento-para-junio\/","title":{"rendered":"Establecen el nuevo valor de la movilidad jubilatoria y confirm\u00f3 un aumento para junio"},"content":{"rendered":"<p style=\"text-align: center;\"><em><strong>La Administraci\u00f3n Nacional de la Seguridad Social, mediante la resoluci\u00f3n 186\/2024, la estableci\u00f3 en 41,48 %. Se trata de la \u00faltima instancia de la transici\u00f3n hacia la nueva f\u00f3rmula oficializada por el Ejecutivo en abril<\/strong><\/em><\/p>\n<p>&nbsp;<\/p>\n<p>&nbsp;<\/p>\n<p>La Administraci\u00f3n Nacional de la Seguridad Social (ANSES) estableci\u00f3 un nuevo valor de la movilidad jubilatoria y confirm\u00f3 un aumento para junio a trav\u00e9s del Bolet\u00edn Oficial. De esta manera, se llega a la \u00faltima instancia del proceso de transici\u00f3n para la nueva f\u00f3rmula.<\/p>\n<p>Fue publicado mediante la resoluci\u00f3n 186\/2024 y qued\u00f3 constatado que el valor qued\u00f3 en 41,48 %. Desde el Gobierno aseguraron que la cifra \u201cresulta menor que la suma de los adelantos otorgados en el trimestre de abril a junio por la f\u00f3rmula nueva, que fue superior en 12,43 puntos porcentuales, generando un incremento, en t\u00e9rminos relativos, del 29,97 % respecto de la anterior\u201d.<\/p>\n<p>La actualizaci\u00f3n que impulsa desde marzo el Ejecutivo es ajustable a la inflaci\u00f3n por eso cuando se anunci\u00f3 la nueva f\u00f3rmula el Gobierno otorg\u00f3 un aumento extraordinario equivalente al 12,5 % sobre los haberes previsionales respecto a marzo.<\/p>\n<p>La transici\u00f3n responde a la necesidad de evitar demandas judiciales por los per\u00edodos devengados, seg\u00fan inform\u00f3 el portal Infobae. Adem\u00e1s, confirmaron que el valor del incremento para junio ser\u00e1 del 8,83 %, correspondiente a la inflaci\u00f3n de abril. El Gobierno cuestion\u00f3 la f\u00f3rmula previa en el considerando del decreto 274\/2024 e indic\u00f3 que \u201cha arrojado resultados desastrosos para los jubilados y pensionados del pa\u00eds, quienes han sufrido una notoria p\u00e9rdida del poder adquisitivo\u201d.<\/p>\n","protected":false},"excerpt":{"rendered":"<p>La Administraci\u00f3n Nacional de la Seguridad Social, mediante la resoluci\u00f3n 186\/2024, la estableci\u00f3 en 41,48 %. Se trata de la \u00faltima instancia de la transici\u00f3n hacia la nueva f\u00f3rmula oficializada por el Ejecutivo en abril &nbsp; &nbsp; La Administraci\u00f3n Nacional de la Seguridad Social (ANSES) estableci\u00f3 un nuevo valor de la movilidad jubilatoria y confirm\u00f3 un aumento para junio a trav\u00e9s del Bolet\u00edn Oficial. De esta manera, se llega a la \u00faltima instancia del proceso de transici\u00f3n para la nueva f\u00f3rmula. Fue publicado mediante la resoluci\u00f3n 186\/2024 y qued\u00f3 constatado&#8230;<\/p>\n","protected":false},"author":3,"featured_media":99419,"comment_status":"closed","ping_status":"closed","sticky":false,"template":"","format":"standard","meta":[],"categories":[2],"tags":[],"_links":{"self":[{"href":"https:\/\/www.actualidadadiario.com\/index.php\/wp-json\/wp\/v2\/posts\/114674"}],"collection":[{"href":"https:\/\/www.actualidadadiario.com\/index.php\/wp-json\/wp\/v2\/posts"}],"about":[{"href":"https:\/\/www.actualidadadiario.com\/index.php\/wp-json\/wp\/v2\/types\/post"}],"author":[{"embeddable":true,"href":"https:\/\/www.actualidadadiario.com\/index.php\/wp-json\/wp\/v2\/users\/3"}],"replies":[{"embeddable":true,"href":"https:\/\/www.actualidadadiario.com\/index.php\/wp-json\/wp\/v2\/comments?post=114674"}],"version-history":[{"count":1,"href":"https:\/\/www.actualidadadiario.com\/index.php\/wp-json\/wp\/v2\/posts\/114674\/revisions"}],"predecessor-version":[{"id":114675,"href":"https:\/\/www.actualidadadiario.com\/index.php\/wp-json\/wp\/v2\/posts\/114674\/revisions\/114675"}],"wp:featuredmedia":[{"embeddable":true,"href":"https:\/\/www.actualidadadiario.com\/index.php\/wp-json\/wp\/v2\/media\/99419"}],"wp:attachment":[{"href":"https:\/\/www.actualidadadiario.com\/index.php\/wp-json\/wp\/v2\/media?parent=114674"}],"wp:term":[{"taxonomy":"category","embeddable":true,"href":"https:\/\/www.actualidadadiario.com\/index.php\/wp-json\/wp\/v2\/categories?post=114674"},{"taxonomy":"post_tag","embeddable":true,"href":"https:\/\/www.actualidadadiario.com\/index.php\/wp-json\/wp\/v2\/tags?post=114674"}],"curies":[{"name":"wp","href":"https:\/\/api.w.org\/{rel}","templated":true}]}}