{"id":114668,"date":"2024-05-17T12:51:04","date_gmt":"2024-05-17T15:51:04","guid":{"rendered":"https:\/\/www.actualidadadiario.com\/?p=114668"},"modified":"2024-05-17T12:51:04","modified_gmt":"2024-05-17T15:51:04","slug":"la-empresa-de-griferia-fv-suspendio-a-600-trabajadores-por-la-fuerte-recesion","status":"publish","type":"post","link":"https:\/\/www.actualidadadiario.com\/index.php\/2024\/05\/17\/la-empresa-de-griferia-fv-suspendio-a-600-trabajadores-por-la-fuerte-recesion\/","title":{"rendered":"La empresa de grifer\u00eda FV suspendi\u00f3 a 600 trabajadores por la fuerte recesi\u00f3n"},"content":{"rendered":"<p style=\"text-align: center;\"><em><strong>La compa\u00f1\u00eda dispuso la suspensi\u00f3n de un grupo de trabajadores abocados a la manufactura de productos destinados al mercado dom\u00e9stico. Ser\u00e1 por 26 d\u00edas<\/strong><\/em><\/p>\n<p>&nbsp;<\/p>\n<p>&nbsp;<\/p>\n<p>La empresa de grifer\u00eda FV tom\u00f3 la decisi\u00f3n de suspender a 600 empleados de su f\u00e1brica de Pilar durante casi un mes. La fuerte ca\u00edda en la construcci\u00f3n golpea a las empresas proveedoras del sector.<\/p>\n<p>Seg\u00fan inform\u00f3 la compa\u00f1\u00eda, la mayor parte de los trabajadores afectados por las suspensiones se desempe\u00f1an en l\u00edneas para el mercado dom\u00e9stico, duramente golpeado por la recesi\u00f3n. Aquellos que est\u00e1n abocados a la manufactura de productos para exportaci\u00f3n continuar\u00e1n desempe\u00f1ando sus tareas habituales.<\/p>\n<p>El cronograma de suspensiones comenzar\u00e1 este mes y finalizar\u00e1 en julio. Ser\u00e1n 26 d\u00edas en total: 10 d\u00edas en mayo, 7 en junio y 9 en julio. Mientras tanto, los afectados percibir\u00e1n el 80% del sueldo neto para esos d\u00edas.<\/p>\n<p>&nbsp;<\/p>\n<p><strong>Ca\u00edda en la construcci\u00f3n: se desplom\u00f3 el despacho de cemento<\/strong><\/p>\n<p>La producci\u00f3n de insumos para la construcci\u00f3n es uno de los sectores m\u00e1s afectados por la recesi\u00f3n. Los despachos de cemento cayeron -42,9% en lo que va del a\u00f1o.<\/p>\n<p>En la misma tendencia, el \u00cdndice Construya (que releva la venta de insumos para la construcci\u00f3n) registr\u00f3 una ca\u00edda de -40%. Desde Construya afirman que la tendencia a la baja en los despachos de materiales y consumo final se debe a la incertidumbre econ\u00f3mica que afecta al consumo de insumos para la construcci\u00f3n.<\/p>\n<p>Tambi\u00e9n hubo ca\u00eddas del 46,1% en hormig\u00f3n elaborado; 43,7% en ladrillos huecos; 43,1% en cemento portland; 41,6% en mosaicos gran\u00edticos y calc\u00e1reos; 40,5% en cales; 38,2% en pisos y revestimientos cer\u00e1micos; 37,7% en art\u00edculos sanitarios de cer\u00e1mica; 32,8% en el resto de los insumos (incluye grifer\u00eda, tubos de acero sin costura y vidrio para construcci\u00f3n); y 24% en pinturas para construcci\u00f3n.<\/p>\n<p>&nbsp;<\/p>\n<p><strong>La industria no se recupera y sigue en ca\u00edda<\/strong><\/p>\n<p>La industria argentina va camino de cumplir un a\u00f1o de ca\u00edda ininterrumpida, como consecuencia de la fuerte baja en la demanda de bienes, producto de la p\u00e9rdida de poder adquisitivo.<\/p>\n<p>Seg\u00fan la Uni\u00f3n Industrial Argentina, en marzo la actividad registr\u00f3 una ca\u00edda de 17,2% en la comparaci\u00f3n anual y de 4,7% mensual sin estacionalidad.<\/p>\n<p>Se trat\u00f3 del d\u00e9cimo mes de ca\u00edda consecutiva y, con estos datos, el primer trimestre de 2024 acumul\u00f3 una baja interanual de -11,7%.<\/p>\n<p>Los datos de marzo se vieron afectados en parte por los menores d\u00edas h\u00e1biles y cuestiones puntuales en algunos sectores.<\/p>\n<p>Los datos anticipados de abril reflejan que persiste la ca\u00edda interanual, aunque podr\u00eda observarse una leve mejora frente a marzo; que estuvo en un nivel muy bajo. Muestran una mejora respecto de marzo de +13,8%.<\/p>\n<p>Sin embargo, en t\u00e9rminos interanuales, a\u00fan permanece la tendencia a la baja de la producci\u00f3n (-21%).<\/p>\n","protected":false},"excerpt":{"rendered":"<p>La compa\u00f1\u00eda dispuso la suspensi\u00f3n de un grupo de trabajadores abocados a la manufactura de productos destinados al mercado dom\u00e9stico. Ser\u00e1 por 26 d\u00edas &nbsp; &nbsp; La empresa de grifer\u00eda FV tom\u00f3 la decisi\u00f3n de suspender a 600 empleados de su f\u00e1brica de Pilar durante casi un mes. La fuerte ca\u00edda en la construcci\u00f3n golpea a las empresas proveedoras del sector. Seg\u00fan inform\u00f3 la compa\u00f1\u00eda, la mayor parte de los trabajadores afectados por las suspensiones se desempe\u00f1an en l\u00edneas para el mercado dom\u00e9stico, duramente golpeado por la recesi\u00f3n. Aquellos que&#8230;<\/p>\n","protected":false},"author":3,"featured_media":114669,"comment_status":"closed","ping_status":"closed","sticky":false,"template":"","format":"standard","meta":[],"categories":[2],"tags":[],"_links":{"self":[{"href":"https:\/\/www.actualidadadiario.com\/index.php\/wp-json\/wp\/v2\/posts\/114668"}],"collection":[{"href":"https:\/\/www.actualidadadiario.com\/index.php\/wp-json\/wp\/v2\/posts"}],"about":[{"href":"https:\/\/www.actualidadadiario.com\/index.php\/wp-json\/wp\/v2\/types\/post"}],"author":[{"embeddable":true,"href":"https:\/\/www.actualidadadiario.com\/index.php\/wp-json\/wp\/v2\/users\/3"}],"replies":[{"embeddable":true,"href":"https:\/\/www.actualidadadiario.com\/index.php\/wp-json\/wp\/v2\/comments?post=114668"}],"version-history":[{"count":1,"href":"https:\/\/www.actualidadadiario.com\/index.php\/wp-json\/wp\/v2\/posts\/114668\/revisions"}],"predecessor-version":[{"id":114670,"href":"https:\/\/www.actualidadadiario.com\/index.php\/wp-json\/wp\/v2\/posts\/114668\/revisions\/114670"}],"wp:featuredmedia":[{"embeddable":true,"href":"https:\/\/www.actualidadadiario.com\/index.php\/wp-json\/wp\/v2\/media\/114669"}],"wp:attachment":[{"href":"https:\/\/www.actualidadadiario.com\/index.php\/wp-json\/wp\/v2\/media?parent=114668"}],"wp:term":[{"taxonomy":"category","embeddable":true,"href":"https:\/\/www.actualidadadiario.com\/index.php\/wp-json\/wp\/v2\/categories?post=114668"},{"taxonomy":"post_tag","embeddable":true,"href":"https:\/\/www.actualidadadiario.com\/index.php\/wp-json\/wp\/v2\/tags?post=114668"}],"curies":[{"name":"wp","href":"https:\/\/api.w.org\/{rel}","templated":true}]}}