{"id":114663,"date":"2024-05-17T11:42:28","date_gmt":"2024-05-17T14:42:28","guid":{"rendered":"https:\/\/www.actualidadadiario.com\/?p=114663"},"modified":"2024-05-17T11:42:28","modified_gmt":"2024-05-17T14:42:28","slug":"rogel-propuso-que-haya-debates-obligatorios-de-candidatos-a-gobernador","status":"publish","type":"post","link":"https:\/\/www.actualidadadiario.com\/index.php\/2024\/05\/17\/rogel-propuso-que-haya-debates-obligatorios-de-candidatos-a-gobernador\/","title":{"rendered":"Rogel propuso que haya debates obligatorios de candidatos a gobernador"},"content":{"rendered":"<p style=\"text-align: center;\"><em><strong>Fabi\u00e1n Rogel present\u00f3 un proyecto de ley para establecer la obligatoriedad de la realizaci\u00f3n de dos debates preelectorales p\u00fablicos entre candidatos a gobernador o gobernadora de Entre R\u00edos, con la finalidad de que el electorado conozca las propuestas de los partidos, frentes o agrupaciones pol\u00edticas<\/strong><\/em><\/p>\n<p>&nbsp;<\/p>\n<p>&nbsp;<\/p>\n<p>&nbsp;<\/p>\n<p>\u201cYo soy autor, en la Constituci\u00f3n de la provincia, de una cl\u00e1usula que establece la posibilidad de la revocatoria de mandato\u201d, record\u00f3 el presidente del bloque Juntos por Entre R\u00edos. \u201cCon el ya fallecido convencional Jorge Busti, nos convencimos de la necesidad de profundizar la democracia con ese mecanismo\u201d, agreg\u00f3.<\/p>\n<p>En ese sentido, dijo que \u201cel debate tambi\u00e9n es una manera de enriquecer la democracia, en la misma l\u00ednea de la revocatoria de mandato, para que la gente sepa qu\u00e9 es lo que propone cada candidato\u201d.<\/p>\n<p>\u201cSi a nivel nacional ya dos veces se han hecho los debates presidenciales, \u00bfpor qu\u00e9 no hacerlo en la provincia? No hay ning\u00fan impedimento, ni jur\u00eddico, ni pol\u00edtico\u201d, coment\u00f3 el diputado.<\/p>\n<p>En el proyecto, el diputado propone que el Tribunal Electoral sea quien organice esta herramienta y que se implemente en dos oportunidades en sitios distintos: una vez en la costa del Paran\u00e1 y otra en la del Uruguay,<\/p>\n<p>El primer debate se realizar\u00eda a los 10 d\u00edas de comenzada la campa\u00f1a electoral y el segundo, 10 d\u00edas antes del acto comicial.<\/p>\n","protected":false},"excerpt":{"rendered":"<p>Fabi\u00e1n Rogel present\u00f3 un proyecto de ley para establecer la obligatoriedad de la realizaci\u00f3n de dos debates preelectorales p\u00fablicos entre candidatos a gobernador o gobernadora de Entre R\u00edos, con la finalidad de que el electorado conozca las propuestas de los partidos, frentes o agrupaciones pol\u00edticas &nbsp; &nbsp; &nbsp; \u201cYo soy autor, en la Constituci\u00f3n de la provincia, de una cl\u00e1usula que establece la posibilidad de la revocatoria de mandato\u201d, record\u00f3 el presidente del bloque Juntos por Entre R\u00edos. \u201cCon el ya fallecido convencional Jorge Busti, nos convencimos de la necesidad&#8230;<\/p>\n","protected":false},"author":3,"featured_media":99467,"comment_status":"closed","ping_status":"closed","sticky":false,"template":"","format":"standard","meta":[],"categories":[15],"tags":[],"_links":{"self":[{"href":"https:\/\/www.actualidadadiario.com\/index.php\/wp-json\/wp\/v2\/posts\/114663"}],"collection":[{"href":"https:\/\/www.actualidadadiario.com\/index.php\/wp-json\/wp\/v2\/posts"}],"about":[{"href":"https:\/\/www.actualidadadiario.com\/index.php\/wp-json\/wp\/v2\/types\/post"}],"author":[{"embeddable":true,"href":"https:\/\/www.actualidadadiario.com\/index.php\/wp-json\/wp\/v2\/users\/3"}],"replies":[{"embeddable":true,"href":"https:\/\/www.actualidadadiario.com\/index.php\/wp-json\/wp\/v2\/comments?post=114663"}],"version-history":[{"count":1,"href":"https:\/\/www.actualidadadiario.com\/index.php\/wp-json\/wp\/v2\/posts\/114663\/revisions"}],"predecessor-version":[{"id":114664,"href":"https:\/\/www.actualidadadiario.com\/index.php\/wp-json\/wp\/v2\/posts\/114663\/revisions\/114664"}],"wp:featuredmedia":[{"embeddable":true,"href":"https:\/\/www.actualidadadiario.com\/index.php\/wp-json\/wp\/v2\/media\/99467"}],"wp:attachment":[{"href":"https:\/\/www.actualidadadiario.com\/index.php\/wp-json\/wp\/v2\/media?parent=114663"}],"wp:term":[{"taxonomy":"category","embeddable":true,"href":"https:\/\/www.actualidadadiario.com\/index.php\/wp-json\/wp\/v2\/categories?post=114663"},{"taxonomy":"post_tag","embeddable":true,"href":"https:\/\/www.actualidadadiario.com\/index.php\/wp-json\/wp\/v2\/tags?post=114663"}],"curies":[{"name":"wp","href":"https:\/\/api.w.org\/{rel}","templated":true}]}}