{"id":114652,"date":"2024-05-17T11:37:10","date_gmt":"2024-05-17T14:37:10","guid":{"rendered":"https:\/\/www.actualidadadiario.com\/?p=114652"},"modified":"2024-05-17T11:37:10","modified_gmt":"2024-05-17T14:37:10","slug":"se-mantiene-el-numero-de-personas-evacuadas-en-concordia","status":"publish","type":"post","link":"https:\/\/www.actualidadadiario.com\/index.php\/2024\/05\/17\/se-mantiene-el-numero-de-personas-evacuadas-en-concordia\/","title":{"rendered":"Se mantiene el n\u00famero de personas evacuadas en Concordia"},"content":{"rendered":"<p style=\"text-align: center;\"><em><strong>Desde el Centro de Operaciones de Emergencias se actualiz\u00f3 el parte con la cantidad de familias concordienses afectadas por la actual creciente. Se record\u00f3 que aquellos que requieran ser evacuados, deben comunicarse al n\u00famero gratuito 103<\/strong><\/em><\/p>\n<p>&nbsp;<\/p>\n<p>&nbsp;<\/p>\n<p>En lo que respecta a evacuaciones, se inform\u00f3 que hasta este jueves 16 de mayo, se han evacuado un total de 170 familias, que hacen un total de 579 personas, entre mayores y menores.<\/p>\n<p>&nbsp;<\/p>\n<p><strong>En detalle<\/strong><\/p>\n<p>Del total de familias evacuadas, 111 de ellas fueron trasladadas a domicilios particulares.<\/p>\n<p>Hay 9 familias, 17 adultos y 18 menores, alojadas en el Centro de Evacuados \u201cEl Refugio\u201d de Carretera La Cruz. En las instalaciones del Regimiento hay alojadas 20 familias, 37 mayores y 35 menores. Mientras que en Villa Adela, hay 5 familias evacuadas, 13 mayores y 8 menores<\/p>\n<p>En el centro de evacuados \u201cPromin\u201d hay 14 familias, 24 mayores y 30 menores y en la \u201cEx Bagley\u201d, se encuentran evacuadas 9 familias, 17 mayores y 9 menores.<\/p>\n<p>Total de familias que permanecen en los centros de evacuados: 57. Hasta el d\u00eda de la fecha, 368 personas fueron trasladadas a domicilios particulares y 207, a Centros de Evacuados.<\/p>\n<p>En cuanto a familias autoevacuadas, hasta el momento se han registrado 60, que hacen un total de 171 personas.<\/p>\n","protected":false},"excerpt":{"rendered":"<p>Desde el Centro de Operaciones de Emergencias se actualiz\u00f3 el parte con la cantidad de familias concordienses afectadas por la actual creciente. Se record\u00f3 que aquellos que requieran ser evacuados, deben comunicarse al n\u00famero gratuito 103 &nbsp; &nbsp; En lo que respecta a evacuaciones, se inform\u00f3 que hasta este jueves 16 de mayo, se han evacuado un total de 170 familias, que hacen un total de 579 personas, entre mayores y menores. &nbsp; En detalle Del total de familias evacuadas, 111 de ellas fueron trasladadas a domicilios particulares. Hay 9&#8230;<\/p>\n","protected":false},"author":3,"featured_media":114412,"comment_status":"closed","ping_status":"closed","sticky":false,"template":"","format":"standard","meta":[],"categories":[15],"tags":[],"_links":{"self":[{"href":"https:\/\/www.actualidadadiario.com\/index.php\/wp-json\/wp\/v2\/posts\/114652"}],"collection":[{"href":"https:\/\/www.actualidadadiario.com\/index.php\/wp-json\/wp\/v2\/posts"}],"about":[{"href":"https:\/\/www.actualidadadiario.com\/index.php\/wp-json\/wp\/v2\/types\/post"}],"author":[{"embeddable":true,"href":"https:\/\/www.actualidadadiario.com\/index.php\/wp-json\/wp\/v2\/users\/3"}],"replies":[{"embeddable":true,"href":"https:\/\/www.actualidadadiario.com\/index.php\/wp-json\/wp\/v2\/comments?post=114652"}],"version-history":[{"count":1,"href":"https:\/\/www.actualidadadiario.com\/index.php\/wp-json\/wp\/v2\/posts\/114652\/revisions"}],"predecessor-version":[{"id":114653,"href":"https:\/\/www.actualidadadiario.com\/index.php\/wp-json\/wp\/v2\/posts\/114652\/revisions\/114653"}],"wp:featuredmedia":[{"embeddable":true,"href":"https:\/\/www.actualidadadiario.com\/index.php\/wp-json\/wp\/v2\/media\/114412"}],"wp:attachment":[{"href":"https:\/\/www.actualidadadiario.com\/index.php\/wp-json\/wp\/v2\/media?parent=114652"}],"wp:term":[{"taxonomy":"category","embeddable":true,"href":"https:\/\/www.actualidadadiario.com\/index.php\/wp-json\/wp\/v2\/categories?post=114652"},{"taxonomy":"post_tag","embeddable":true,"href":"https:\/\/www.actualidadadiario.com\/index.php\/wp-json\/wp\/v2\/tags?post=114652"}],"curies":[{"name":"wp","href":"https:\/\/api.w.org\/{rel}","templated":true}]}}