{"id":114650,"date":"2024-05-17T11:33:02","date_gmt":"2024-05-17T14:33:02","guid":{"rendered":"https:\/\/www.actualidadadiario.com\/?p=114650"},"modified":"2024-05-17T11:36:19","modified_gmt":"2024-05-17T14:36:19","slug":"la-provincia-recupera-deudas-por-mas-de-6-600-millones-de-pesos","status":"publish","type":"post","link":"https:\/\/www.actualidadadiario.com\/index.php\/2024\/05\/17\/la-provincia-recupera-deudas-por-mas-de-6-600-millones-de-pesos\/","title":{"rendered":"La provincia recupera deudas por m\u00e1s de 6.600 millones de pesos"},"content":{"rendered":"<p style=\"text-align: center;\"><em><strong>La cifra surge luego de 75 d\u00edas de vigencia del Plan de Regularizaci\u00f3n 2024 dispuesto desde la Administradora Tributaria de Entre R\u00edos (ATER). Quedan 15 d\u00edas para suscribir<\/strong><\/em><\/p>\n<p>&nbsp;<\/p>\n<p>&nbsp;<\/p>\n<p>&nbsp;<\/p>\n<p>El director ejecutivo de ATER, Jesus Korell, destac\u00f3 que \u00abel buen grado de recepci\u00f3n de esta medida indica que hay muchos entrerrianos que valoraron la oportunidad de ponerse al d\u00eda, encuadr\u00e1ndose dentro del cumplimiento de las normas y contribuyendo a la recuperaci\u00f3n de la provincia\u00bb.<\/p>\n<p>\u00abHoy estamos llegando a m\u00e1s contribuyentes con estas facilidades que ofrece el Plan de Regularizaci\u00f3n, tanto en nuestras oficinas como a trav\u00e9s del Punto M\u00f3vil de ATER y la articulaci\u00f3n con municipios y comunas. Estamos en una etapa donde tenemos que priorizar necesidades y estar cerca del contribuyente. Con este enfoque seguimos ampliando y mejorando nuestras prestaciones en todo el territorio provincial\u00bb, destac\u00f3 Korell.<\/p>\n<p>El funcionario detall\u00f3 que desde el inicio de la medida, el 1 de marzo de este a\u00f1o, \u00abcontabilizamos casi 80 mil planes suscritos, por 6.608 millones de pesos de deuda regularizada\u00bb.<\/p>\n<p>&nbsp;<\/p>\n<p><strong>\u00daltimos 15 d\u00edas para suscribir<\/strong><\/p>\n<p>La suscripci\u00f3n en general es v\u00eda online hasta el 30 de mayo a las 23.59 y la modalidad presencial con cita previa (turnos) opera \u00fanicamente para los grupos exceptuados, entre ellos, los contribuyentes no inscriptos en impuestos declarativos y por tanto no obligados a tener constituido el Domicilio Fiscal Electr\u00f3nico. Este grupo podr\u00e1 obtener turnos hasta esa misma fecha y horario.<\/p>\n<p>El r\u00e9gimen de regularizaci\u00f3n fiscal 2024 permite la cancelaci\u00f3n voluntaria de obligaciones de peque\u00f1os, medianos y grandes deudores, otorgando hasta 18 cuotas e importantes reducciones de multas e intereses para los grupos de contribuyentes m\u00e1s peque\u00f1os.<\/p>\n<p>&nbsp;<\/p>\n<p><strong>M\u00e1s informaci\u00f3n:<\/strong><\/p>\n<p>P\u00e1gina web: www.ater.com.ar<\/p>\n<p>Servicio de Asistencia al Contribuyente: 0810 888 2837 de lunes a viernes de 8 a 13.<\/p>\n","protected":false},"excerpt":{"rendered":"<p>La cifra surge luego de 75 d\u00edas de vigencia del Plan de Regularizaci\u00f3n 2024 dispuesto desde la Administradora Tributaria de Entre R\u00edos (ATER). Quedan 15 d\u00edas para suscribir &nbsp; &nbsp; &nbsp; El director ejecutivo de ATER, Jesus Korell, destac\u00f3 que \u00abel buen grado de recepci\u00f3n de esta medida indica que hay muchos entrerrianos que valoraron la oportunidad de ponerse al d\u00eda, encuadr\u00e1ndose dentro del cumplimiento de las normas y contribuyendo a la recuperaci\u00f3n de la provincia\u00bb. \u00abHoy estamos llegando a m\u00e1s contribuyentes con estas facilidades que ofrece el Plan de&#8230;<\/p>\n","protected":false},"author":3,"featured_media":50932,"comment_status":"closed","ping_status":"closed","sticky":false,"template":"","format":"standard","meta":[],"categories":[15],"tags":[],"_links":{"self":[{"href":"https:\/\/www.actualidadadiario.com\/index.php\/wp-json\/wp\/v2\/posts\/114650"}],"collection":[{"href":"https:\/\/www.actualidadadiario.com\/index.php\/wp-json\/wp\/v2\/posts"}],"about":[{"href":"https:\/\/www.actualidadadiario.com\/index.php\/wp-json\/wp\/v2\/types\/post"}],"author":[{"embeddable":true,"href":"https:\/\/www.actualidadadiario.com\/index.php\/wp-json\/wp\/v2\/users\/3"}],"replies":[{"embeddable":true,"href":"https:\/\/www.actualidadadiario.com\/index.php\/wp-json\/wp\/v2\/comments?post=114650"}],"version-history":[{"count":1,"href":"https:\/\/www.actualidadadiario.com\/index.php\/wp-json\/wp\/v2\/posts\/114650\/revisions"}],"predecessor-version":[{"id":114651,"href":"https:\/\/www.actualidadadiario.com\/index.php\/wp-json\/wp\/v2\/posts\/114650\/revisions\/114651"}],"wp:featuredmedia":[{"embeddable":true,"href":"https:\/\/www.actualidadadiario.com\/index.php\/wp-json\/wp\/v2\/media\/50932"}],"wp:attachment":[{"href":"https:\/\/www.actualidadadiario.com\/index.php\/wp-json\/wp\/v2\/media?parent=114650"}],"wp:term":[{"taxonomy":"category","embeddable":true,"href":"https:\/\/www.actualidadadiario.com\/index.php\/wp-json\/wp\/v2\/categories?post=114650"},{"taxonomy":"post_tag","embeddable":true,"href":"https:\/\/www.actualidadadiario.com\/index.php\/wp-json\/wp\/v2\/tags?post=114650"}],"curies":[{"name":"wp","href":"https:\/\/api.w.org\/{rel}","templated":true}]}}