{"id":114647,"date":"2024-05-17T11:30:01","date_gmt":"2024-05-17T14:30:01","guid":{"rendered":"https:\/\/www.actualidadadiario.com\/?p=114647"},"modified":"2024-05-17T11:30:01","modified_gmt":"2024-05-17T14:30:01","slug":"proponen-disminuir-por-ley-el-costo-del-acceso-a-alquileres-para-estudiantes-que-cursen-en-entre-rios","status":"publish","type":"post","link":"https:\/\/www.actualidadadiario.com\/index.php\/2024\/05\/17\/proponen-disminuir-por-ley-el-costo-del-acceso-a-alquileres-para-estudiantes-que-cursen-en-entre-rios\/","title":{"rendered":"Proponen disminuir por ley el costo del acceso a alquileres para estudiantes que cursen en Entre R\u00edos"},"content":{"rendered":"<p style=\"text-align: center;\"><em><strong>El proyecto de ley ingres\u00f3 este martes 15 en la C\u00e1mara Baja provincial y comprende a estudiantes universitarios y terciarios. El objetivo es \u201cdar respuesta a las preocupaciones de estudiantes de nuestra provincia, que ven como obst\u00e1culo a su educaci\u00f3n, los altos costos que implican tener que abandonar su ciudad para migrar a otra ciudad, con el consiguiente costo de alquiler del inmueble donde van a residir\u201d como estudiantes<\/strong><\/em><\/p>\n<p>&nbsp;<\/p>\n<p>&nbsp;<\/p>\n<p>El martes 15 de mayo ingres\u00f3 a la C\u00e1mara de Diputados de la provincia un proyecto de ley que el propone eximir \u201cdel pago del Impuesto de Sellos a los Contratos de Locaci\u00f3n de Inmuebles destinados a vivienda para estudiantes universitarios y terciarios, y a los contratos de fianza vinculados a estos, con la finalidad de mitigar el gasto econ\u00f3mico en el acceso al alquiler de los estudiantes que cursan sus estudios en la Provincia de Entre R\u00edos, e incentivar y promover el ingreso y permanencia a cursar dichos estudios\u201d.<\/p>\n<p>En los fundamentos del proyecto del diputado del bloque Alianza Juntos por Entre R\u00edos, Fabi\u00e1n Rogel, se sostuvo que \u201cel presente proyecto de ley tiene por finalidad disminuir el gasto econ\u00f3mico en el acceso al alquiler que deben afrontar los estudiantes que cursan sus estudios en la Provincia de Entre R\u00edos, que por motivos de distancia deben trasladarse de sus localidades de origen a otras ciudades a fin de iniciar una carrera de grado en instituciones parte del Sistema Educativo Nacional\u201d.<\/p>\n<p>Adem\u00e1s se destac\u00f3 que \u201cse busca incentivar y promover, el ingreso y permanencia a cursar dichos estudios, siendo conscientes de las dificultades que acarrea el alquiler de un inmueble y los costos que se deben afrontar\u201d, a\u00f1adiendo que \u201cel presente proyecto se da en un marco de una fuerte crisis econ\u00f3mica que est\u00e1 atravesando el pa\u00eds, y en este escenario, es donde el Estado Provincial debe estar presente con pol\u00edticas p\u00fablicas estrat\u00e9gicas que permitan el desarrollo de nuestros j\u00f3venes, tanto personal como intelectual, quienes ser\u00e1n, ni m\u00e1s ni menos, los forjadores del futuro de nuestra provincia\u201d.<\/p>\n<p>Tambi\u00e9n se precis\u00f3 que la iniciativa \u201cbusca dar respuesta a las preocupaciones de estudiantes de nuestra provincia, que ven como obst\u00e1culo a su educaci\u00f3n, los altos costos que implican tener que abandonar su ciudad para migrar a otra ciudad, con el consiguiente costo de alquiler del inmueble donde van a residir durante el transcurso de su vida universitaria o terciaria\u201d.<\/p>\n<p>El art\u00edculo 2\u00ba precisa que \u201ca los fines de la presente ley, se entiende por vivienda estudiantil a aquellos departamentos monoambientes y de un dormitorio que sean alquilados como residencia para estudiantes universitarios y terciarios durante su trayecto acad\u00e9mico. Tambi\u00e9n se extender\u00e1 a departamentos de dos dormitorios en caso de habitar dos o m\u00e1s estudiantes en dicho inmueble, quienes deber\u00e1n acreditar su car\u00e1cter de estudiantes. Los inmuebles deben encontrarse en las ciudades en donde las instituciones del Sistema Educativo Nacional desarrollan sus actividades, dentro de los l\u00edmites geogr\u00e1ficos de la Provincia de Entre R\u00edos\u201d.<\/p>\n<p>En el 3\u00ba define como \u201cestudiante universitario y terciario a toda persona humana de entre 18 y 30 a\u00f1os, de nacionalidad argentina o naturalizada, que para cursar de forma regular una carrera de grado, universitaria o terciaria, en instituciones del Sistema Educativo Nacional, deba residir en una localidad distinta a la de su residencia familiar habitual\u201d.<\/p>\n<p>En el 4\u00ba determina que quienes \u201cpretendan beneficiarse con la presente ley, deber\u00e1n acreditar en forma fehaciente su condici\u00f3n de estudiante universitario o terciario mediante la documentaci\u00f3n emitida por las respectivas instituciones del Sistema Educativo Nacional\u201d y ajustarse a una serie de requisitos.<\/p>\n","protected":false},"excerpt":{"rendered":"<p>El proyecto de ley ingres\u00f3 este martes 15 en la C\u00e1mara Baja provincial y comprende a estudiantes universitarios y terciarios. El objetivo es \u201cdar respuesta a las preocupaciones de estudiantes de nuestra provincia, que ven como obst\u00e1culo a su educaci\u00f3n, los altos costos que implican tener que abandonar su ciudad para migrar a otra ciudad, con el consiguiente costo de alquiler del inmueble donde van a residir\u201d como estudiantes &nbsp; &nbsp; El martes 15 de mayo ingres\u00f3 a la C\u00e1mara de Diputados de la provincia un proyecto de ley que&#8230;<\/p>\n","protected":false},"author":3,"featured_media":114648,"comment_status":"closed","ping_status":"closed","sticky":false,"template":"","format":"standard","meta":[],"categories":[9],"tags":[],"_links":{"self":[{"href":"https:\/\/www.actualidadadiario.com\/index.php\/wp-json\/wp\/v2\/posts\/114647"}],"collection":[{"href":"https:\/\/www.actualidadadiario.com\/index.php\/wp-json\/wp\/v2\/posts"}],"about":[{"href":"https:\/\/www.actualidadadiario.com\/index.php\/wp-json\/wp\/v2\/types\/post"}],"author":[{"embeddable":true,"href":"https:\/\/www.actualidadadiario.com\/index.php\/wp-json\/wp\/v2\/users\/3"}],"replies":[{"embeddable":true,"href":"https:\/\/www.actualidadadiario.com\/index.php\/wp-json\/wp\/v2\/comments?post=114647"}],"version-history":[{"count":1,"href":"https:\/\/www.actualidadadiario.com\/index.php\/wp-json\/wp\/v2\/posts\/114647\/revisions"}],"predecessor-version":[{"id":114649,"href":"https:\/\/www.actualidadadiario.com\/index.php\/wp-json\/wp\/v2\/posts\/114647\/revisions\/114649"}],"wp:featuredmedia":[{"embeddable":true,"href":"https:\/\/www.actualidadadiario.com\/index.php\/wp-json\/wp\/v2\/media\/114648"}],"wp:attachment":[{"href":"https:\/\/www.actualidadadiario.com\/index.php\/wp-json\/wp\/v2\/media?parent=114647"}],"wp:term":[{"taxonomy":"category","embeddable":true,"href":"https:\/\/www.actualidadadiario.com\/index.php\/wp-json\/wp\/v2\/categories?post=114647"},{"taxonomy":"post_tag","embeddable":true,"href":"https:\/\/www.actualidadadiario.com\/index.php\/wp-json\/wp\/v2\/tags?post=114647"}],"curies":[{"name":"wp","href":"https:\/\/api.w.org\/{rel}","templated":true}]}}