{"id":114645,"date":"2024-05-16T12:43:20","date_gmt":"2024-05-16T15:43:20","guid":{"rendered":"https:\/\/www.actualidadadiario.com\/?p=114645"},"modified":"2024-05-16T12:43:20","modified_gmt":"2024-05-16T15:43:20","slug":"sudafrica-pide-a-la-cij-que-frene-ofensiva-israeli-en-rafah","status":"publish","type":"post","link":"https:\/\/www.actualidadadiario.com\/index.php\/2024\/05\/16\/sudafrica-pide-a-la-cij-que-frene-ofensiva-israeli-en-rafah\/","title":{"rendered":"Sud\u00e1frica pide a la CIJ que frene ofensiva israel\u00ed en Rafah"},"content":{"rendered":"<p style=\"text-align: center;\"><em><strong>Asimismo, el pa\u00eds africano acusa a Israel de intensificar lo que califica como un &#8220;genocidio&#8221; en la Franja de Gaza. Los representantes israel\u00edes presentar\u00e1n este viernes sus alegatos ante el tribunal internacional<\/strong><\/em><\/p>\n<p>&nbsp;<\/p>\n<p>&nbsp;<\/p>\n<p>Sud\u00e1frica pidi\u00f3 este jueves a \u00a0la Corte Internacional de Justicia (CIJ) que ordene detener la ofensiva israel\u00ed en Rafah, acusando al Estado hebreo de intensificar lo que califica de &#8220;genocidio&#8221; en la Franja de Gaza.<\/p>\n<p>&#8220;Sud\u00e1frica esperaba, la \u00faltima vez que compareci\u00f3 ante este tribunal, que se frenara este proceso genocida para preservar a Palestina y a su pueblo&#8221;, declar\u00f3 Vusimuzi Madonsela, embajador sudafricano en los Pa\u00edses Bajos, donde la CIJ tiene su sede.<\/p>\n<p>&#8220;En lugar de ello, el genocidio de Israel ha continuado y alcanz\u00f3 una nueva y horrenda fase&#8221;, a\u00f1adi\u00f3 Madonsela ante el principal \u00f3rgano judicial de la ONU.<\/p>\n<p>Pretoria dio as\u00ed comienzo a dos d\u00edas de audiencias en la CIJ, a la que reclama ordenar un alto el fuego en Gaza, asolada por m\u00e1s de siete meses de conflicto entre Israel y el grupo terrorista Ham\u00e1s.<\/p>\n<p>El viernes responder\u00e1 Israel, que defiende su compromiso &#8220;inquebrantable&#8221; con el derecho internacional y asegura que las alegaciones sudafricanas son &#8220;totalmente infundadas&#8221; y &#8220;moralmente repugnantes&#8221;.<\/p>\n<p>En enero, tambi\u00e9n en un caso presentado por Sud\u00e1frica, la CIJ orden\u00f3 a Israel hacer todo lo posible para evitar actos de genocidio y permitir el acceso de ayuda humanitaria a Gaza, pero ahora el pa\u00eds africano exige al tribunal ir m\u00e1s all\u00e1.<\/p>\n<p>&#8220;Como demuestran las pruebas abrumadoramente, la forma en que Israel despliega sus operaciones militares en Rafah, y en el resto de Gaza, es genocida&#8221;, se\u00f1al\u00f3 Sud\u00e1frica en su petici\u00f3n.<\/p>\n<p>&#8220;Hay que ordenarle que se detenga&#8221;, agreg\u00f3.<\/p>\n<p>Las decisiones de la CIJ son legalmente vinculantes, pero no dispone de medios para aplicarlas. Por ejemplo, la jurisdicci\u00f3n exigi\u00f3 en vano a Rusia detener su invasi\u00f3n de Ucrania.<\/p>\n","protected":false},"excerpt":{"rendered":"<p>Asimismo, el pa\u00eds africano acusa a Israel de intensificar lo que califica como un &#8220;genocidio&#8221; en la Franja de Gaza. Los representantes israel\u00edes presentar\u00e1n este viernes sus alegatos ante el tribunal internacional &nbsp; &nbsp; Sud\u00e1frica pidi\u00f3 este jueves a \u00a0la Corte Internacional de Justicia (CIJ) que ordene detener la ofensiva israel\u00ed en Rafah, acusando al Estado hebreo de intensificar lo que califica de &#8220;genocidio&#8221; en la Franja de Gaza. &#8220;Sud\u00e1frica esperaba, la \u00faltima vez que compareci\u00f3 ante este tribunal, que se frenara este proceso genocida para preservar a Palestina y&#8230;<\/p>\n","protected":false},"author":3,"featured_media":113875,"comment_status":"closed","ping_status":"closed","sticky":false,"template":"","format":"standard","meta":[],"categories":[4],"tags":[],"_links":{"self":[{"href":"https:\/\/www.actualidadadiario.com\/index.php\/wp-json\/wp\/v2\/posts\/114645"}],"collection":[{"href":"https:\/\/www.actualidadadiario.com\/index.php\/wp-json\/wp\/v2\/posts"}],"about":[{"href":"https:\/\/www.actualidadadiario.com\/index.php\/wp-json\/wp\/v2\/types\/post"}],"author":[{"embeddable":true,"href":"https:\/\/www.actualidadadiario.com\/index.php\/wp-json\/wp\/v2\/users\/3"}],"replies":[{"embeddable":true,"href":"https:\/\/www.actualidadadiario.com\/index.php\/wp-json\/wp\/v2\/comments?post=114645"}],"version-history":[{"count":1,"href":"https:\/\/www.actualidadadiario.com\/index.php\/wp-json\/wp\/v2\/posts\/114645\/revisions"}],"predecessor-version":[{"id":114646,"href":"https:\/\/www.actualidadadiario.com\/index.php\/wp-json\/wp\/v2\/posts\/114645\/revisions\/114646"}],"wp:featuredmedia":[{"embeddable":true,"href":"https:\/\/www.actualidadadiario.com\/index.php\/wp-json\/wp\/v2\/media\/113875"}],"wp:attachment":[{"href":"https:\/\/www.actualidadadiario.com\/index.php\/wp-json\/wp\/v2\/media?parent=114645"}],"wp:term":[{"taxonomy":"category","embeddable":true,"href":"https:\/\/www.actualidadadiario.com\/index.php\/wp-json\/wp\/v2\/categories?post=114645"},{"taxonomy":"post_tag","embeddable":true,"href":"https:\/\/www.actualidadadiario.com\/index.php\/wp-json\/wp\/v2\/tags?post=114645"}],"curies":[{"name":"wp","href":"https:\/\/api.w.org\/{rel}","templated":true}]}}