{"id":114639,"date":"2024-05-16T12:41:42","date_gmt":"2024-05-16T15:41:42","guid":{"rendered":"https:\/\/www.actualidadadiario.com\/?p=114639"},"modified":"2024-05-16T12:41:42","modified_gmt":"2024-05-16T15:41:42","slug":"separaron-a-las-condenadas-por-el-asesinato-de-lucio-dupuy","status":"publish","type":"post","link":"https:\/\/www.actualidadadiario.com\/index.php\/2024\/05\/16\/separaron-a-las-condenadas-por-el-asesinato-de-lucio-dupuy\/","title":{"rendered":"Separaron a las condenadas por el asesinato de Lucio Dupuy"},"content":{"rendered":"<p style=\"text-align: center;\"><em><strong>La madre de Lucio Dupuy, Magdalena Esp\u00f3sito Valenti, y su pareja Abigail P\u00e1ez cumplir\u00e1n el resto de su condena a prisi\u00f3n perpetua por el asesinato del menor de cinco a\u00f1os en prisiones distintas, tras concretarse una decisi\u00f3n del Ministerio de Seguridad de la Naci\u00f3n de separarlas<\/strong><\/em><\/p>\n<p>&nbsp;<\/p>\n<p>&nbsp;<\/p>\n<p>&nbsp;<\/p>\n<p>Esp\u00f3sito Valenti fue trasladada al complejo penitenciario Federal N\u00b0 6 de Mendoza, en tanto P\u00e1ez permanecer\u00e1 alojada en una c\u00e1rcel de San Luis. Hasta el momento, ambas conviv\u00edan en una prisi\u00f3n de La Pampa, cumpliendo la sentencia impuesta por la Justicia por haber matado a Lucio, de 5 a\u00f1os.<\/p>\n<p>La muerte del peque\u00f1o se produjo en la ciudad de Santa Rosa, en La Pampa, el 26 de noviembre de 2021. En febrero de este a\u00f1o, Esp\u00f3sito Valenti y P\u00e1ez fueron declaradas culpables.<\/p>\n<p>El veredicto indic\u00f3 que Magdalena Esp\u00f3sito Valenti era responsable del delito de &#8220;homicidio triplemente calificado por el v\u00ednculo, alevos\u00eda y ensa\u00f1amiento&#8221;. Abiga\u00edl P\u00e1ez fue condenada por el delito de &#8220;homicidio doblemente calificado por alevos\u00eda y ensa\u00f1amiento; en concurso real con el delito de abuso sexual con acceso carnal por v\u00eda anal, ejecutado con un objeto f\u00e1lico, agravado por tratarse de la guardadora y por haberse cometido contra un menor de 18 a\u00f1os de edad&#8221;, precis\u00f3 el tribunal.<\/p>\n","protected":false},"excerpt":{"rendered":"<p>La madre de Lucio Dupuy, Magdalena Esp\u00f3sito Valenti, y su pareja Abigail P\u00e1ez cumplir\u00e1n el resto de su condena a prisi\u00f3n perpetua por el asesinato del menor de cinco a\u00f1os en prisiones distintas, tras concretarse una decisi\u00f3n del Ministerio de Seguridad de la Naci\u00f3n de separarlas &nbsp; &nbsp; &nbsp; Esp\u00f3sito Valenti fue trasladada al complejo penitenciario Federal N\u00b0 6 de Mendoza, en tanto P\u00e1ez permanecer\u00e1 alojada en una c\u00e1rcel de San Luis. Hasta el momento, ambas conviv\u00edan en una prisi\u00f3n de La Pampa, cumpliendo la sentencia impuesta por la Justicia&#8230;<\/p>\n","protected":false},"author":3,"featured_media":114640,"comment_status":"closed","ping_status":"closed","sticky":false,"template":"","format":"standard","meta":[],"categories":[4],"tags":[],"_links":{"self":[{"href":"https:\/\/www.actualidadadiario.com\/index.php\/wp-json\/wp\/v2\/posts\/114639"}],"collection":[{"href":"https:\/\/www.actualidadadiario.com\/index.php\/wp-json\/wp\/v2\/posts"}],"about":[{"href":"https:\/\/www.actualidadadiario.com\/index.php\/wp-json\/wp\/v2\/types\/post"}],"author":[{"embeddable":true,"href":"https:\/\/www.actualidadadiario.com\/index.php\/wp-json\/wp\/v2\/users\/3"}],"replies":[{"embeddable":true,"href":"https:\/\/www.actualidadadiario.com\/index.php\/wp-json\/wp\/v2\/comments?post=114639"}],"version-history":[{"count":1,"href":"https:\/\/www.actualidadadiario.com\/index.php\/wp-json\/wp\/v2\/posts\/114639\/revisions"}],"predecessor-version":[{"id":114641,"href":"https:\/\/www.actualidadadiario.com\/index.php\/wp-json\/wp\/v2\/posts\/114639\/revisions\/114641"}],"wp:featuredmedia":[{"embeddable":true,"href":"https:\/\/www.actualidadadiario.com\/index.php\/wp-json\/wp\/v2\/media\/114640"}],"wp:attachment":[{"href":"https:\/\/www.actualidadadiario.com\/index.php\/wp-json\/wp\/v2\/media?parent=114639"}],"wp:term":[{"taxonomy":"category","embeddable":true,"href":"https:\/\/www.actualidadadiario.com\/index.php\/wp-json\/wp\/v2\/categories?post=114639"},{"taxonomy":"post_tag","embeddable":true,"href":"https:\/\/www.actualidadadiario.com\/index.php\/wp-json\/wp\/v2\/tags?post=114639"}],"curies":[{"name":"wp","href":"https:\/\/api.w.org\/{rel}","templated":true}]}}