{"id":114637,"date":"2024-05-16T12:40:07","date_gmt":"2024-05-16T15:40:07","guid":{"rendered":"https:\/\/www.actualidadadiario.com\/?p=114637"},"modified":"2024-05-16T12:40:07","modified_gmt":"2024-05-16T15:40:07","slug":"por-fomentar-adiccion-en-menores-europa-investiga-a-meta","status":"publish","type":"post","link":"https:\/\/www.actualidadadiario.com\/index.php\/2024\/05\/16\/por-fomentar-adiccion-en-menores-europa-investiga-a-meta\/","title":{"rendered":"Por fomentar adicci\u00f3n en menores: Europa investiga a Meta"},"content":{"rendered":"<p style=\"text-align: center;\"><em><strong>Europa anunci\u00f3 la apertura de una investigaci\u00f3n para determinar si las redes sociales Facebook e Instagram, del grupo Meta, provocan conductas adictivas en menores de edad<\/strong><\/em><\/p>\n<p>&nbsp;<\/p>\n<p>&nbsp;<\/p>\n<p>La Comisi\u00f3n Europea abri\u00f3 el jueves (16.5.2024) un procedimiento de infracci\u00f3n contra Meta, por considerar que Facebook e Instagram fomentan la adicci\u00f3n entre los menores y que la empresa no ha tomado medidas efectivas para remediarlo.<\/p>\n<p>&#8220;No estamos convencidos de que haya hecho lo suficiente para cumplir con las obligaciones de la ley de servicios digitales para reducir los riesgos de los efectos negativos para la salud f\u00edsica y mental de los j\u00f3venes europeos en sus plataformas Facebook e Instagram&#8221;, dijo el comisario europeo de Mercado Interior, Thierry Breton&#8221;.<\/p>\n<p>Seg\u00fan explica un comunicado, Bruselas cree que los algoritmos que usan Facebook e Instagram &#8220;explotan la debilidad y la inexperiencia de los menores&#8221;, al mostrarles contenido en base a sus intereses, fomentando as\u00ed su adicci\u00f3n a las redes sociales.<\/p>\n<p>&nbsp;<\/p>\n<p><strong>Ineficaz verificaci\u00f3n de edad<\/strong><\/p>\n<p>Tambi\u00e9n considera que las herramientas de verificaci\u00f3n de edad de Facebook e Instagram no son ni razonables, ni proporcionadas, ni eficaces para evitar que los menores accedan a contenido inapropiado. Y que las medidas de privacidad y seguridad que Facebook e Instagram tienen por defecto no protegen suficientemente a los menores.<\/p>\n<p>Tras estudiar el an\u00e1lisis de riesgo que Meta le envi\u00f3 el a\u00f1o pasado, el Ejecutivo comunitario sospecha que la empresa estar\u00eda incumpliendo la ley de servicios digitales, por lo que decidi\u00f3 abrir la investigaci\u00f3n.<\/p>\n<p>La apertura de esta investigaci\u00f3n, para la que no existe un l\u00edmite de tiempo, permite a la Comisi\u00f3n adoptar medidas cautelares contra Facebook e Instagram, como ya hizo con TikTok, forz\u00e1ndole a suspender el programa de puntos de la versi\u00f3n Lite que abri\u00f3 en Espa\u00f1a y Francia.<\/p>\n","protected":false},"excerpt":{"rendered":"<p>Europa anunci\u00f3 la apertura de una investigaci\u00f3n para determinar si las redes sociales Facebook e Instagram, del grupo Meta, provocan conductas adictivas en menores de edad &nbsp; &nbsp; La Comisi\u00f3n Europea abri\u00f3 el jueves (16.5.2024) un procedimiento de infracci\u00f3n contra Meta, por considerar que Facebook e Instagram fomentan la adicci\u00f3n entre los menores y que la empresa no ha tomado medidas efectivas para remediarlo. &#8220;No estamos convencidos de que haya hecho lo suficiente para cumplir con las obligaciones de la ley de servicios digitales para reducir los riesgos de los&#8230;<\/p>\n","protected":false},"author":3,"featured_media":113878,"comment_status":"closed","ping_status":"closed","sticky":false,"template":"","format":"standard","meta":[],"categories":[4],"tags":[],"_links":{"self":[{"href":"https:\/\/www.actualidadadiario.com\/index.php\/wp-json\/wp\/v2\/posts\/114637"}],"collection":[{"href":"https:\/\/www.actualidadadiario.com\/index.php\/wp-json\/wp\/v2\/posts"}],"about":[{"href":"https:\/\/www.actualidadadiario.com\/index.php\/wp-json\/wp\/v2\/types\/post"}],"author":[{"embeddable":true,"href":"https:\/\/www.actualidadadiario.com\/index.php\/wp-json\/wp\/v2\/users\/3"}],"replies":[{"embeddable":true,"href":"https:\/\/www.actualidadadiario.com\/index.php\/wp-json\/wp\/v2\/comments?post=114637"}],"version-history":[{"count":1,"href":"https:\/\/www.actualidadadiario.com\/index.php\/wp-json\/wp\/v2\/posts\/114637\/revisions"}],"predecessor-version":[{"id":114638,"href":"https:\/\/www.actualidadadiario.com\/index.php\/wp-json\/wp\/v2\/posts\/114637\/revisions\/114638"}],"wp:featuredmedia":[{"embeddable":true,"href":"https:\/\/www.actualidadadiario.com\/index.php\/wp-json\/wp\/v2\/media\/113878"}],"wp:attachment":[{"href":"https:\/\/www.actualidadadiario.com\/index.php\/wp-json\/wp\/v2\/media?parent=114637"}],"wp:term":[{"taxonomy":"category","embeddable":true,"href":"https:\/\/www.actualidadadiario.com\/index.php\/wp-json\/wp\/v2\/categories?post=114637"},{"taxonomy":"post_tag","embeddable":true,"href":"https:\/\/www.actualidadadiario.com\/index.php\/wp-json\/wp\/v2\/tags?post=114637"}],"curies":[{"name":"wp","href":"https:\/\/api.w.org\/{rel}","templated":true}]}}