{"id":114622,"date":"2024-05-16T12:09:55","date_gmt":"2024-05-16T15:09:55","guid":{"rendered":"https:\/\/www.actualidadadiario.com\/?p=114622"},"modified":"2024-05-16T12:09:55","modified_gmt":"2024-05-16T15:09:55","slug":"milei-suspendio-la-reunion-de-gabinete-y-se-prepara-para-su-viaje-a-espana","status":"publish","type":"post","link":"https:\/\/www.actualidadadiario.com\/index.php\/2024\/05\/16\/milei-suspendio-la-reunion-de-gabinete-y-se-prepara-para-su-viaje-a-espana\/","title":{"rendered":"Milei suspendi\u00f3 la reuni\u00f3n de Gabinete y se prepara para su viaje a Espa\u00f1a"},"content":{"rendered":"<p style=\"text-align: center;\"><em><strong>El mandatario y la secretaria General de la Presidencia, Karina Milei, partir\u00e1n a las 15.30 a Madrid para dar el presente en la cumbre del partido de derecha Vox. Adem\u00e1s, presentar\u00e1 su libro en la sede del Diario La Raz\u00f3n<\/strong><\/em><\/p>\n<p>&nbsp;<\/p>\n<p>&nbsp;<\/p>\n<p>El presidente Javier Milei decidi\u00f3 suspender la reuni\u00f3n de Gabinete prevista para hoy, como es habitual cada martes y jueves, y dedicar su jornada a prepararse para su viaje a Espa\u00f1a que emprender\u00e1 por la tarde.<\/p>\n<p>Junto a la secretaria General de la Presidencia, Karina Milei, el mandatario partir\u00e1 hoy, en el ARG 01, a las 15.30, a Madrid.<\/p>\n<p>Con gran parte de su Gabinete en el exterior: Nicol\u00e1s Posse (Jefe de Gabinete) y Diana Mondino (Relaciones Exteriores, Comercio Internacional y Culto) en Washington, y Mariano C\u00faneo Libarona (Justicia) en Viena, el jefe de Estado opt\u00f3, al igual que el pasado martes, por postergar la habitual reuni\u00f3n con sus principales colaboradores.<\/p>\n<p>Seg\u00fan inform\u00f3 el Gobierno, el arribo de Milei y su comitiva a Madrid est\u00e1 previsto para las 4:10 (hora argentina) del viernes y a las 14:30 presentar\u00e1 su libro \u201cEl camino del libertario&#8221; en el Auditorio del diario La Raz\u00f3n.<\/p>\n<p>En tanto, el s\u00e1bado se reunir\u00e1 a las 4:30 (hora argentina) con CEOs de empresas espa\u00f1olas junto a la secretaria general de la Presidencia, Karina Milei, y el embajador argentino en Espa\u00f1a, Roberto Bosch Est\u00e9vez.<\/p>\n<p>Luego, a las 12:30 (hora argentina) el Presidente mantendr\u00e1 un encuentro con el diputado y presidente de Vox, Santiago Abascal, uno de sus aliados a nivel internacional.<\/p>\n<p>El domingo a las 8:30 (hora argentina) participar\u00e1 del encuentro \u201cEuropa Viva 24\u201d de la derecha europea, organizado por Vox: en ese contexto, el l\u00edder libertario brindar\u00e1 un discurso.<\/p>\n<p>Tras su paso por Espa\u00f1a, en el que no est\u00e1 previsto que haya reuniones con funcionarios del Gobierno de Pedro S\u00e1nchez, el pr\u00f3ximo lunes Milei ya estar\u00e1 de regreso en la Argentina.<\/p>\n<p>La cumbre de Vox se realizar\u00e1 en Madrid el 18 y 19 de mayo, semanas antes de las elecciones al Parlamento Europeo, y en el evento, el f\u00e9rreo opositor y su aliado internacional, Santiago Abascal, y los candidatos del partido presentar\u00e1n su programa para los comicios que se llevar\u00e1n a cabo en junio.<\/p>\n<p>La convenci\u00f3n &#8220;Europa Viva 24&#8221; reunir\u00e1 a militantes, dirigentes, diputados y simpatizantes del partido espa\u00f1ol como tambi\u00e9n a distintas personalidades internacionales invitadas. En esta oportunidad, se celebrar\u00e1 en el palacio de Vistalegre y se esperan m\u00e1s de 10.000 asistentes.<\/p>\n<p>Por estas horas, el Gobierno termina de definir la agenda que tendr\u00e1 el mandatario en Espa\u00f1a, adem\u00e1s de su exposici\u00f3n para el 19 de mayo, en el marco de la cumbre ultraderechista.<\/p>\n<p>Milei aprovechar\u00e1 la visita para protagonizar la presentaci\u00f3n de su libro \u201cEl camino del Libertario\u201d, en la sede del Diario La Raz\u00f3n, con la presencia del economista y autor del pr\u00f3logo, Juan Ram\u00f3n Rallo; el director del medio, Francisco Marhuenda y el titular de la Editorial de Deusto, Roger Domingo.<\/p>\n<p>Tambi\u00e9n est\u00e1 previsto que se re\u00fana con el embajador argentino en Madrid, Roberto Bosch.<\/p>\n<p>Semanas atr\u00e1s, el mandatario argentino confirm\u00f3 en la red social X que iba a participar de esta cumbre y Abascal le respondi\u00f3: \u201cSer\u00e1 un placer y un orgullo recibirte de nuevo en el Europa Viva &#8217;24, querido Javier Milei\u201d.<\/p>\n<p>El estrecho lazo entre ambos qued\u00f3 de manifiesto en gestos como cuando el presidente de Vox particip\u00f3 de la investidura de Milei el 10 de diciembre y semanas m\u00e1s tarde, en enero de este a\u00f1o, el l\u00edder de La Libertad Avanza grab\u00f3 un mensaje que Abascal reprodujo al renovar por cuatro a\u00f1os la conducci\u00f3n del partido.<\/p>\n","protected":false},"excerpt":{"rendered":"<p>El mandatario y la secretaria General de la Presidencia, Karina Milei, partir\u00e1n a las 15.30 a Madrid para dar el presente en la cumbre del partido de derecha Vox. Adem\u00e1s, presentar\u00e1 su libro en la sede del Diario La Raz\u00f3n &nbsp; &nbsp; El presidente Javier Milei decidi\u00f3 suspender la reuni\u00f3n de Gabinete prevista para hoy, como es habitual cada martes y jueves, y dedicar su jornada a prepararse para su viaje a Espa\u00f1a que emprender\u00e1 por la tarde. Junto a la secretaria General de la Presidencia, Karina Milei, el mandatario&#8230;<\/p>\n","protected":false},"author":3,"featured_media":114623,"comment_status":"closed","ping_status":"closed","sticky":false,"template":"","format":"standard","meta":[],"categories":[18],"tags":[],"_links":{"self":[{"href":"https:\/\/www.actualidadadiario.com\/index.php\/wp-json\/wp\/v2\/posts\/114622"}],"collection":[{"href":"https:\/\/www.actualidadadiario.com\/index.php\/wp-json\/wp\/v2\/posts"}],"about":[{"href":"https:\/\/www.actualidadadiario.com\/index.php\/wp-json\/wp\/v2\/types\/post"}],"author":[{"embeddable":true,"href":"https:\/\/www.actualidadadiario.com\/index.php\/wp-json\/wp\/v2\/users\/3"}],"replies":[{"embeddable":true,"href":"https:\/\/www.actualidadadiario.com\/index.php\/wp-json\/wp\/v2\/comments?post=114622"}],"version-history":[{"count":1,"href":"https:\/\/www.actualidadadiario.com\/index.php\/wp-json\/wp\/v2\/posts\/114622\/revisions"}],"predecessor-version":[{"id":114624,"href":"https:\/\/www.actualidadadiario.com\/index.php\/wp-json\/wp\/v2\/posts\/114622\/revisions\/114624"}],"wp:featuredmedia":[{"embeddable":true,"href":"https:\/\/www.actualidadadiario.com\/index.php\/wp-json\/wp\/v2\/media\/114623"}],"wp:attachment":[{"href":"https:\/\/www.actualidadadiario.com\/index.php\/wp-json\/wp\/v2\/media?parent=114622"}],"wp:term":[{"taxonomy":"category","embeddable":true,"href":"https:\/\/www.actualidadadiario.com\/index.php\/wp-json\/wp\/v2\/categories?post=114622"},{"taxonomy":"post_tag","embeddable":true,"href":"https:\/\/www.actualidadadiario.com\/index.php\/wp-json\/wp\/v2\/tags?post=114622"}],"curies":[{"name":"wp","href":"https:\/\/api.w.org\/{rel}","templated":true}]}}