{"id":114617,"date":"2024-05-16T12:07:47","date_gmt":"2024-05-16T15:07:47","guid":{"rendered":"https:\/\/www.actualidadadiario.com\/?p=114617"},"modified":"2024-05-16T12:07:47","modified_gmt":"2024-05-16T15:07:47","slug":"carrio-advirtio-por-un-pymecidio-y-dijo-que-habra-mucho-desempleo","status":"publish","type":"post","link":"https:\/\/www.actualidadadiario.com\/index.php\/2024\/05\/16\/carrio-advirtio-por-un-pymecidio-y-dijo-que-habra-mucho-desempleo\/","title":{"rendered":"Carri\u00f3 advirti\u00f3 por \u201cun pymecidio\u201d y dijo que habr\u00e1 \u201cmucho desempleo\u201d"},"content":{"rendered":"<p style=\"text-align: center;\"><em><strong>\u201cLa ca\u00edda de la clase media argentina lleva adem\u00e1s la ca\u00edda de la pyme argentina\u201d, asegur\u00f3<\/strong><\/em><\/p>\n<p>&nbsp;<\/p>\n<p>&nbsp;<\/p>\n<p>Elisa Carri\u00f3 advirti\u00f3 en C\u00f3rdoba que \u201cla ca\u00edda de la clase media argentina lleva adem\u00e1s la ca\u00edda de la pyme argentina\u201d.<\/p>\n<p>&nbsp;<\/p>\n<p><strong>Visita<\/strong><\/p>\n<p>\u201cLa gente no compra ni va a comprar con estos niveles de ingresos. De modo tal que la ca\u00edda de la clase media argentina lleva adem\u00e1s la ca\u00edda de la pyme argentina. Est\u00e1n entre un 40 y un 60. Hay pueblos donde han bajado hasta un 80\u201d, explic\u00f3 la l\u00edder de la Coalici\u00f3n C\u00edvica en su paso por C\u00f3rdoba.<\/p>\n<p>\u201cEntonces cuando vos ten\u00e9s que pagar empleados, ten\u00e9s que pagar alquiler, te aumentan la luz, te aumentan el gas y adem\u00e1s te bajan las ventas un 60 por ciento, puede ser un pymecidio\u201d, agreg\u00f3.<\/p>\n<p>\u201cYo creo que esto Toto Caputo no lo ve. En general los ministros de Econom\u00eda o incluso el se\u00f1or Presidente no recorren el pa\u00eds en auto. Creo que no se ve la micro, la situaci\u00f3n es realmente l\u00edmite\u201d, consider\u00f3 en un di\u00e1logo con la prensa local difundido por El Doce,<\/p>\n<p>\u201cEllos tendr\u00edan que darse cuenta y tomar algunas medidas sobre todo porque va a haber mucho desempleo. No se va a poder sostener\u201d, sostuvo Carri\u00f3.<\/p>\n<p>Y luego ejemplific\u00f3: \u201cGente poderosa con 200 empleados dicen \u00b4bueno, ahora los hago trabajar seis horas, pero dentro de dos meses los tengo que licenciar\u00b4\u201d.<\/p>\n<p>Adem\u00e1s calific\u00f3 a la baja de la inflaci\u00f3n como \u201cimportante\u201d, aunque dijo creer \u201cque se est\u00e1 escondiendo\u201d. \u201cCuando vos provoc\u00e1s una baja de la inflaci\u00f3n de tal magnitud, no pagando o produciendo una recesi\u00f3n provocada de falta de demanda y restricci\u00f3n monetaria, el d\u00eda que haya m\u00e1s recursos, hay inflaci\u00f3n\u201d, analiz\u00f3 la l\u00edder de la Coalici\u00f3n C\u00edvica.<\/p>\n<p>&nbsp;<\/p>\n<p><strong>Facultades delegadas<\/strong><\/p>\n<p>\u201cDesde la Constituyente del 94 nosotros no votamos facultades delegadas ni las vamos a votar\u201d, enfatiz\u00f3 Carri\u00f3.<\/p>\n<p>&nbsp;<\/p>\n<p><strong>Pacto de Mayo<\/strong><\/p>\n<p>\u201cYo no creo en los pactos sobre todo en esos que vienen para sacarse fotos, y tampoco creo en los gobernadores y en el Presidente sac\u00e1ndose fotos. Prefiero conversaciones sensatas, serias y acuerdos reales\u201d, opin\u00f3.<\/p>\n<p>\u201cYo ya estoy harta de fotos. Yo me qued\u00e9 con la \u00faltima de Palito Ortega que estuvo linda\u201d, a\u00f1adi\u00f3 la exdiputada nacional<\/p>\n<p>Al ser consultada sobre si el denominado \u201cPacto de Mayo\u201d ser\u00e1 solamente una foto, respondi\u00f3: \u201cObviamente s\u00ed. Despu\u00e9s al otro d\u00eda comienzan los conflictos. Hay que hacer acuerdos y no sacarse fotos\u201d.<\/p>\n","protected":false},"excerpt":{"rendered":"<p>\u201cLa ca\u00edda de la clase media argentina lleva adem\u00e1s la ca\u00edda de la pyme argentina\u201d, asegur\u00f3 &nbsp; &nbsp; Elisa Carri\u00f3 advirti\u00f3 en C\u00f3rdoba que \u201cla ca\u00edda de la clase media argentina lleva adem\u00e1s la ca\u00edda de la pyme argentina\u201d. &nbsp; Visita \u201cLa gente no compra ni va a comprar con estos niveles de ingresos. De modo tal que la ca\u00edda de la clase media argentina lleva adem\u00e1s la ca\u00edda de la pyme argentina. Est\u00e1n entre un 40 y un 60. Hay pueblos donde han bajado hasta un 80\u201d, explic\u00f3 la&#8230;<\/p>\n","protected":false},"author":3,"featured_media":114618,"comment_status":"closed","ping_status":"closed","sticky":false,"template":"","format":"standard","meta":[],"categories":[18],"tags":[],"_links":{"self":[{"href":"https:\/\/www.actualidadadiario.com\/index.php\/wp-json\/wp\/v2\/posts\/114617"}],"collection":[{"href":"https:\/\/www.actualidadadiario.com\/index.php\/wp-json\/wp\/v2\/posts"}],"about":[{"href":"https:\/\/www.actualidadadiario.com\/index.php\/wp-json\/wp\/v2\/types\/post"}],"author":[{"embeddable":true,"href":"https:\/\/www.actualidadadiario.com\/index.php\/wp-json\/wp\/v2\/users\/3"}],"replies":[{"embeddable":true,"href":"https:\/\/www.actualidadadiario.com\/index.php\/wp-json\/wp\/v2\/comments?post=114617"}],"version-history":[{"count":1,"href":"https:\/\/www.actualidadadiario.com\/index.php\/wp-json\/wp\/v2\/posts\/114617\/revisions"}],"predecessor-version":[{"id":114619,"href":"https:\/\/www.actualidadadiario.com\/index.php\/wp-json\/wp\/v2\/posts\/114617\/revisions\/114619"}],"wp:featuredmedia":[{"embeddable":true,"href":"https:\/\/www.actualidadadiario.com\/index.php\/wp-json\/wp\/v2\/media\/114618"}],"wp:attachment":[{"href":"https:\/\/www.actualidadadiario.com\/index.php\/wp-json\/wp\/v2\/media?parent=114617"}],"wp:term":[{"taxonomy":"category","embeddable":true,"href":"https:\/\/www.actualidadadiario.com\/index.php\/wp-json\/wp\/v2\/categories?post=114617"},{"taxonomy":"post_tag","embeddable":true,"href":"https:\/\/www.actualidadadiario.com\/index.php\/wp-json\/wp\/v2\/tags?post=114617"}],"curies":[{"name":"wp","href":"https:\/\/api.w.org\/{rel}","templated":true}]}}