{"id":114611,"date":"2024-05-16T11:31:39","date_gmt":"2024-05-16T14:31:39","guid":{"rendered":"https:\/\/www.actualidadadiario.com\/?p=114611"},"modified":"2024-05-16T11:31:39","modified_gmt":"2024-05-16T14:31:39","slug":"cuanto-costaron-los-viajes-de-milei-al-exterior-en-sus-cinco-meses-de-mandato","status":"publish","type":"post","link":"https:\/\/www.actualidadadiario.com\/index.php\/2024\/05\/16\/cuanto-costaron-los-viajes-de-milei-al-exterior-en-sus-cinco-meses-de-mandato\/","title":{"rendered":"Cu\u00e1nto costaron los viajes de Milei al exterior en sus cinco meses de mandato"},"content":{"rendered":"<p style=\"text-align: center;\"><em><strong>El presidente acumula m\u00e1s de 100.000 kil\u00f3metros desde su asunci\u00f3n, en viajes que han sido se\u00f1alados por tener agendas m\u00e1s personales que oficiales. En simult\u00e1neo, lleva adelante recortes presupuestarios en diversas \u00e1reas del Estado<\/strong><\/em><\/p>\n<p>&nbsp;<\/p>\n<p>&nbsp;<\/p>\n<p>&nbsp;<\/p>\n<p>El Jefe de Gabinete, Nicol\u00e1s Posse, expuso este mi\u00e9rcoles su primer informe de gesti\u00f3n en el Senado. Sin embargo, en la antesala de su presentaci\u00f3n, respondi\u00f3 por escrito 1.286 preguntas plasmadas en las 1.131 hojas que conforman el Informe 139. Entre ellas, una relacionada con los viajes del presidente Javier Milei al exterior.<\/p>\n<p>En la misma, revel\u00f3 que las partidas a Estados Unidos para la presencia del mandatario en la cumbre de Conferencia Pol\u00edtica de Acci\u00f3n Conservadora (CPAC), liderada por Donald Trump, as\u00ed como los vuelos a Israel, Italia y al Vaticano, con audiencia privada con el Papa Francisco incluida, le generaron un gasto de $144.796.978,14 al Estado, seg\u00fan los costos informados por el Ejecutivo.<\/p>\n<p>Mientras que los viajes al Foro Econ\u00f3mico Mundial de Davos en enero y a la ciudad norteamericana de Miami, donde el libertario fue a recibir un galard\u00f3n de la comunidad jud\u00eda, que lo reconoci\u00f3 como &#8220;Embajador de la Luz&#8221;, sumaron $91.262.903,93 m\u00e1s a la cuenta, lo que lleva a un total de $206.059.882,07.<\/p>\n<p>No obstante, desde la Jefatura de Gabinete se aclar\u00f3, en el escrito, que hay &#8220;montos en proceso de an\u00e1lisis y tramitaci\u00f3n de rendici\u00f3n y devoluci\u00f3n en virtud del cambio de agenda del se\u00f1or Presidente de la Naci\u00f3n, lo que ocasion\u00f3 su regreso anticipado al pa\u00eds&#8221; en medio de la escalada de tensi\u00f3n en Medio Oriente.<\/p>\n<p>Esta informaci\u00f3n se indic\u00f3 ante la consulta de la senadora nacional de Unidad Ciudadana (la antecesora de Uni\u00f3n por la Patria), Silvia Sapag, sobre los vuelos realizados entre el 10 de diciembre del a\u00f1o pasado y el 22 de abril de este a\u00f1o, por lo que, en la lista, no est\u00e1 incluido el reciente vuelo del mandatario a EE.UU para participar en la Conferencia Global que organiza el Instituto Milken y reunirse con Elon Musk.<\/p>\n<p>Estos n\u00fameros no solo incluyen los gastos propios de Milei sino tambi\u00e9n de los funcionarios que integraron las comitivas de dichos viajes, y que incluy\u00f3 a la Secretaria General de la Presidencia, Karina Milei, al ministro de Econom\u00eda, Luis Caputo, y a la canciller, Diana Mondino, entre otros.<\/p>\n<p>&nbsp;<\/p>\n<p><strong>Pol\u00e9mica por los viajes de Milei al exterior<\/strong><\/p>\n<p>Esto se da a conocer en medio de las cr\u00edticas y se\u00f1alamientos a Milei dado que, alegan desde la oposici\u00f3n, la gran mayor\u00eda de sus viajes al exterior contemplan una agenda m\u00e1s personal que oficial.<\/p>\n<p>En lo que va de su mandato, el libertario ya recorri\u00f3 102.541,42 kil\u00f3metros en viajes al exterior, lo que simbolizan 670 kil\u00f3metros por d\u00eda; un total de 2,28 vueltas al mundo, tomando como referencia que son 45 mil kil\u00f3metros los necesarios para dar una vuelta al globo terr\u00e1queo.<\/p>\n<p>Y en las pr\u00f3ximas horas volver\u00e1 a subirse a un avi\u00f3n para viajar rumbo a Espa\u00f1a, en donde, una vez m\u00e1s, tendr\u00e1 una agenda dividida entre lo pol\u00edtico-partidario y sus funciones como Jefe de Estado.<\/p>\n<p>Es que, al tiempo que mantendr\u00e1 un encuentro con altos directivos de empresas con una importante presencia en Argentina, participar\u00e1 en la convenci\u00f3n anual de Vox, el partido de ultraderecha del pa\u00eds.<\/p>\n<p>As\u00ed lo confirm\u00f3 el pasado mes de marzo, a trav\u00e9s de las redes sociales. &#8220;\u00a1Ah\u00ed volver\u00e9 a estar con ustedes querido amigo&#8230;! \u00a1Viva la libertad carajo&#8230;!&#8221;, anunci\u00f3, al compartir un video de Santiago Abascal, presidente del partido, que busca afianzar su competitividad frente a los comicios para el Parlamento Europeo. El acto se llevar\u00e1 a cabo el 18 y 19 de mayo pr\u00f3ximo en la ciudad de Madrid.<\/p>\n","protected":false},"excerpt":{"rendered":"<p>El presidente acumula m\u00e1s de 100.000 kil\u00f3metros desde su asunci\u00f3n, en viajes que han sido se\u00f1alados por tener agendas m\u00e1s personales que oficiales. En simult\u00e1neo, lleva adelante recortes presupuestarios en diversas \u00e1reas del Estado &nbsp; &nbsp; &nbsp; El Jefe de Gabinete, Nicol\u00e1s Posse, expuso este mi\u00e9rcoles su primer informe de gesti\u00f3n en el Senado. Sin embargo, en la antesala de su presentaci\u00f3n, respondi\u00f3 por escrito 1.286 preguntas plasmadas en las 1.131 hojas que conforman el Informe 139. Entre ellas, una relacionada con los viajes del presidente Javier Milei al exterior&#8230;.<\/p>\n","protected":false},"author":3,"featured_media":114612,"comment_status":"closed","ping_status":"closed","sticky":false,"template":"","format":"standard","meta":[],"categories":[9],"tags":[],"_links":{"self":[{"href":"https:\/\/www.actualidadadiario.com\/index.php\/wp-json\/wp\/v2\/posts\/114611"}],"collection":[{"href":"https:\/\/www.actualidadadiario.com\/index.php\/wp-json\/wp\/v2\/posts"}],"about":[{"href":"https:\/\/www.actualidadadiario.com\/index.php\/wp-json\/wp\/v2\/types\/post"}],"author":[{"embeddable":true,"href":"https:\/\/www.actualidadadiario.com\/index.php\/wp-json\/wp\/v2\/users\/3"}],"replies":[{"embeddable":true,"href":"https:\/\/www.actualidadadiario.com\/index.php\/wp-json\/wp\/v2\/comments?post=114611"}],"version-history":[{"count":1,"href":"https:\/\/www.actualidadadiario.com\/index.php\/wp-json\/wp\/v2\/posts\/114611\/revisions"}],"predecessor-version":[{"id":114613,"href":"https:\/\/www.actualidadadiario.com\/index.php\/wp-json\/wp\/v2\/posts\/114611\/revisions\/114613"}],"wp:featuredmedia":[{"embeddable":true,"href":"https:\/\/www.actualidadadiario.com\/index.php\/wp-json\/wp\/v2\/media\/114612"}],"wp:attachment":[{"href":"https:\/\/www.actualidadadiario.com\/index.php\/wp-json\/wp\/v2\/media?parent=114611"}],"wp:term":[{"taxonomy":"category","embeddable":true,"href":"https:\/\/www.actualidadadiario.com\/index.php\/wp-json\/wp\/v2\/categories?post=114611"},{"taxonomy":"post_tag","embeddable":true,"href":"https:\/\/www.actualidadadiario.com\/index.php\/wp-json\/wp\/v2\/tags?post=114611"}],"curies":[{"name":"wp","href":"https:\/\/api.w.org\/{rel}","templated":true}]}}