{"id":114608,"date":"2024-05-17T11:30:38","date_gmt":"2024-05-17T14:30:38","guid":{"rendered":"https:\/\/www.actualidadadiario.com\/?p=114608"},"modified":"2024-05-17T12:56:10","modified_gmt":"2024-05-17T15:56:10","slug":"el-gobierno-evalua-un-pacto-de-mayo-en-cordoba-con-milei-solo-sin-ley-bases-ni-gobernadores","status":"publish","type":"post","link":"https:\/\/www.actualidadadiario.com\/index.php\/2024\/05\/17\/el-gobierno-evalua-un-pacto-de-mayo-en-cordoba-con-milei-solo-sin-ley-bases-ni-gobernadores\/","title":{"rendered":"El Gobierno eval\u00faa un Pacto de Mayo en C\u00f3rdoba con Milei solo, sin Ley Bases ni gobernadores"},"content":{"rendered":"<p style=\"text-align: center;\"><em><strong>Todo depende del dictamen en el Senado, que sigue sin aparecer y complica los planes de Milei para componer un gran acto con varios jefes provinciales. En Casa Rosada se\u00f1alan a Villarruel. El plan B, un Cabildo libertario<\/strong><\/em><\/p>\n<p>&nbsp;<\/p>\n<p>&nbsp;<\/p>\n<p>Con el tratamiento de la Ley Bases atascado en Senadores, el gobierno nacional activ\u00f3 el protocolo de crisis y avanza en encontrar una salida pol\u00edtica para el evento que ten\u00eda planeado montar el pr\u00f3ximo s\u00e1bado con la firma del Pacto de Mayo.<\/p>\n<p>Despu\u00e9s de confirmar ante este medio la posibilidad de suspender el encuentro, altas fuentes del oficialismo adelantaron que, de no contar con el dictamen de comisi\u00f3n ma\u00f1ana en el Senado, el Pacto de Mayo se llevar\u00e1 adelante s\u00f3lo con la presencia del presidente y su gabinete. \u201cSi no tenemos la ley aprobada, no vamos a invitar a nadie del \u00e1mbito pol\u00edtico\u201d, dijo ante la consulta de Tiempo un importante colaborador presidencial.<\/p>\n<p>Desde el comienzo, la condici\u00f3n sine qua non que puso el gobierno para participar de la firma del dec\u00e1logo refundacional fue el apoyo del Congreso para aprobar el ambicioso proyecto, una situaci\u00f3n que, hasta el cierre de esta nota, el oficialismo no logra conseguir para ma\u00f1ana.<\/p>\n<p>En Casa Rosada, apuntan contra la vicepresidenta, Victoria Villarruel, como una de las principales responsables de la dilataci\u00f3n del tratamiento. La insistencia de la presidenta del Senado de cumplir a rajatabla los tiempos institucionales oblig\u00f3 a que el jefe de Gabinete, Gustavo Posse, no pudiera suspender su primera exposici\u00f3n de gesti\u00f3n este mi\u00e9rcoles, lo que hizo perder al gobierno un d\u00eda de tratamiento en comisi\u00f3n, una jugada m\u00e1s que arriesgada para un oficialismo sin mayor\u00edas y absolutamente dependiente de las alianzas.<\/p>\n<p>Adem\u00e1s, en el oficialismo est\u00e1n convencidos de que los senadores se complotaron para que el gobierno no tenga su foto de unidad el pr\u00f3ximo s\u00e1bado en tierras mediterr\u00e1neas. \u201cLos senadores nos van a dar la ley, pero no el Pacto de Mayo. Por eso est\u00e1n dilatando las discusiones\u201d, se sincer\u00f3 un importante engranaje de la gesti\u00f3n libertaria.<\/p>\n<p>&nbsp;<\/p>\n<p><strong>El nuevo Pacto de Mayo<\/strong><\/p>\n<p>Sin ley, la plana mayor de la gesti\u00f3n libertaria puso en marcha el plan B. Para evitar suspender el evento, lo que implicar\u00eda un reconocimiento de la derrota en las negociaciones con el Senado, desde el c\u00edrculo del presidente decidieron llevar adelante el evento el mismo d\u00eda, pero con cambios significativos.<\/p>\n<p>El evento no s\u00f3lo no contar\u00e1 con la presencia de gobernadores, sino que tambi\u00e9n cambiar\u00e1 su sede. Ahora, el evento podr\u00eda realizarse en el Cabildo de la provincia de C\u00f3rdoba, abandonando la voluntad de utilizar el Palacio de Justicia como escenario principal para reunir al arco pol\u00edtico nacional.<\/p>\n<p>La modificaci\u00f3n del lugar est\u00e1 atada al cambio de la esencia del evento. Sin \u201cla casta\u201d, el gobierno abrir\u00e1 la convocatoria para toda la ciudadan\u00eda que desee participar y no descartan darle protagonismo habilitando la posibilidad de que firmen de manera f\u00edsica el pacto. \u201cVa a ser como un cabildo abierto\u201d, resumi\u00f3 uno de los organizadores.<\/p>\n<p>En este marco, si efectivamente el gobierno no cuenta con el apoyo en el Senado, se espera que el presidente utilice este evento para dar un discurso en el que volver\u00eda a apuntar contra \u201cla casta\u201d y deje en evidencia a los \u201cresponsables\u201d de hacer caer la firma del pacto.<\/p>\n","protected":false},"excerpt":{"rendered":"<p>Todo depende del dictamen en el Senado, que sigue sin aparecer y complica los planes de Milei para componer un gran acto con varios jefes provinciales. En Casa Rosada se\u00f1alan a Villarruel. El plan B, un Cabildo libertario &nbsp; &nbsp; Con el tratamiento de la Ley Bases atascado en Senadores, el gobierno nacional activ\u00f3 el protocolo de crisis y avanza en encontrar una salida pol\u00edtica para el evento que ten\u00eda planeado montar el pr\u00f3ximo s\u00e1bado con la firma del Pacto de Mayo. Despu\u00e9s de confirmar ante este medio la posibilidad&#8230;<\/p>\n","protected":false},"author":3,"featured_media":114609,"comment_status":"closed","ping_status":"closed","sticky":false,"template":"","format":"standard","meta":[],"categories":[9],"tags":[],"_links":{"self":[{"href":"https:\/\/www.actualidadadiario.com\/index.php\/wp-json\/wp\/v2\/posts\/114608"}],"collection":[{"href":"https:\/\/www.actualidadadiario.com\/index.php\/wp-json\/wp\/v2\/posts"}],"about":[{"href":"https:\/\/www.actualidadadiario.com\/index.php\/wp-json\/wp\/v2\/types\/post"}],"author":[{"embeddable":true,"href":"https:\/\/www.actualidadadiario.com\/index.php\/wp-json\/wp\/v2\/users\/3"}],"replies":[{"embeddable":true,"href":"https:\/\/www.actualidadadiario.com\/index.php\/wp-json\/wp\/v2\/comments?post=114608"}],"version-history":[{"count":1,"href":"https:\/\/www.actualidadadiario.com\/index.php\/wp-json\/wp\/v2\/posts\/114608\/revisions"}],"predecessor-version":[{"id":114610,"href":"https:\/\/www.actualidadadiario.com\/index.php\/wp-json\/wp\/v2\/posts\/114608\/revisions\/114610"}],"wp:featuredmedia":[{"embeddable":true,"href":"https:\/\/www.actualidadadiario.com\/index.php\/wp-json\/wp\/v2\/media\/114609"}],"wp:attachment":[{"href":"https:\/\/www.actualidadadiario.com\/index.php\/wp-json\/wp\/v2\/media?parent=114608"}],"wp:term":[{"taxonomy":"category","embeddable":true,"href":"https:\/\/www.actualidadadiario.com\/index.php\/wp-json\/wp\/v2\/categories?post=114608"},{"taxonomy":"post_tag","embeddable":true,"href":"https:\/\/www.actualidadadiario.com\/index.php\/wp-json\/wp\/v2\/tags?post=114608"}],"curies":[{"name":"wp","href":"https:\/\/api.w.org\/{rel}","templated":true}]}}