{"id":114606,"date":"2024-05-16T11:29:29","date_gmt":"2024-05-16T14:29:29","guid":{"rendered":"https:\/\/www.actualidadadiario.com\/?p=114606"},"modified":"2024-05-16T11:29:29","modified_gmt":"2024-05-16T14:29:29","slug":"alerta-meteorologica-por-vientos-fuertes","status":"publish","type":"post","link":"https:\/\/www.actualidadadiario.com\/index.php\/2024\/05\/16\/alerta-meteorologica-por-vientos-fuertes\/","title":{"rendered":"Alerta meteorol\u00f3gica por vientos fuertes"},"content":{"rendered":"<p style=\"text-align: center;\"><em><strong>Desde el Servicio Meteorol\u00f3gico Nacional informaron que se esperan bajas temperaturas, nevadas y r\u00e1fagas de viento que pueden alcanzar los 90 km\/h en el norte del pa\u00eds<\/strong><\/em><\/p>\n<p>&nbsp;<\/p>\n<p>&nbsp;<\/p>\n<p>El Servicio Meteorol\u00f3gico Nacional (SMN) emiti\u00f3 un alerta meteorol\u00f3gico nevadas y vientos intensos en varias provincias al norte de Argentina.<\/p>\n<p>&nbsp;<\/p>\n<p><strong>Alerta amarilla por nevadas y viento intenso: cu\u00e1les son las provincias afectadas<\/strong><\/p>\n<p>Desde el SMN comunicaron que la zona cordillerana de Jujuy, Salta, Catamarca, La Rioja y San Juan, ser\u00e1 afectada vientos del noroeste con velocidades entre 50 y 70 km\/h con r\u00e1fagas que pueden alcanzar los 90 km\/h, especialmente en zonas altas.<\/p>\n<p>Adem\u00e1s, algunas zonas de San Juan estar\u00e1n afectadas por nevadas. Se prev\u00e9n valores de nieve acumulada entre 30 y 50 cm, pudiendo ser superados de forma localizada.<\/p>\n<p>&nbsp;<\/p>\n<p><strong>Alerta meteorol\u00f3gica por vientos y nevadas: las localidades afectadas<\/strong><\/p>\n<ul>\n<li><strong>Jujuy:<\/strong> Puna de Susques.<\/li>\n<li><strong>Salta:<\/strong> Puna de Cachi &#8211; Puna de La Poma &#8211; Puna de Los Andes &#8211; Puna de Molinos.<\/li>\n<li><strong>Catamarca:<\/strong> Puna de Tinogasta &#8211; Puna de Antofagasta de la Sierra &#8211; Puna de Bel\u00e9n &#8211; Puna de Cafayate &#8211; Puna de San Carlos &#8211; Puna de Santa Mar\u00eda &#8211; Puna de Taf\u00ed del Valle -Zona de monte de Andalgal\u00e1 &#8211; Zona de monte de Bel\u00e9n &#8211; Zona de monte de Pom\u00e1n &#8211; Zona de monte de Santa Mar\u00eda &#8211; Zona de monte de Tinogasta.<\/li>\n<li><strong>La Rioja:<\/strong> Cordillera de General Lamadrid &#8211; Cordillera de Vinchina.<\/li>\n<li><strong>San Juan:<\/strong> Cordillera de Iglesia &#8211; Cordillera de Calingasta.<\/li>\n<\/ul>\n","protected":false},"excerpt":{"rendered":"<p>Desde el Servicio Meteorol\u00f3gico Nacional informaron que se esperan bajas temperaturas, nevadas y r\u00e1fagas de viento que pueden alcanzar los 90 km\/h en el norte del pa\u00eds &nbsp; &nbsp; El Servicio Meteorol\u00f3gico Nacional (SMN) emiti\u00f3 un alerta meteorol\u00f3gico nevadas y vientos intensos en varias provincias al norte de Argentina. &nbsp; Alerta amarilla por nevadas y viento intenso: cu\u00e1les son las provincias afectadas Desde el SMN comunicaron que la zona cordillerana de Jujuy, Salta, Catamarca, La Rioja y San Juan, ser\u00e1 afectada vientos del noroeste con velocidades entre 50 y 70&#8230;<\/p>\n","protected":false},"author":3,"featured_media":100507,"comment_status":"closed","ping_status":"closed","sticky":false,"template":"","format":"standard","meta":[],"categories":[2],"tags":[],"_links":{"self":[{"href":"https:\/\/www.actualidadadiario.com\/index.php\/wp-json\/wp\/v2\/posts\/114606"}],"collection":[{"href":"https:\/\/www.actualidadadiario.com\/index.php\/wp-json\/wp\/v2\/posts"}],"about":[{"href":"https:\/\/www.actualidadadiario.com\/index.php\/wp-json\/wp\/v2\/types\/post"}],"author":[{"embeddable":true,"href":"https:\/\/www.actualidadadiario.com\/index.php\/wp-json\/wp\/v2\/users\/3"}],"replies":[{"embeddable":true,"href":"https:\/\/www.actualidadadiario.com\/index.php\/wp-json\/wp\/v2\/comments?post=114606"}],"version-history":[{"count":1,"href":"https:\/\/www.actualidadadiario.com\/index.php\/wp-json\/wp\/v2\/posts\/114606\/revisions"}],"predecessor-version":[{"id":114607,"href":"https:\/\/www.actualidadadiario.com\/index.php\/wp-json\/wp\/v2\/posts\/114606\/revisions\/114607"}],"wp:featuredmedia":[{"embeddable":true,"href":"https:\/\/www.actualidadadiario.com\/index.php\/wp-json\/wp\/v2\/media\/100507"}],"wp:attachment":[{"href":"https:\/\/www.actualidadadiario.com\/index.php\/wp-json\/wp\/v2\/media?parent=114606"}],"wp:term":[{"taxonomy":"category","embeddable":true,"href":"https:\/\/www.actualidadadiario.com\/index.php\/wp-json\/wp\/v2\/categories?post=114606"},{"taxonomy":"post_tag","embeddable":true,"href":"https:\/\/www.actualidadadiario.com\/index.php\/wp-json\/wp\/v2\/tags?post=114606"}],"curies":[{"name":"wp","href":"https:\/\/api.w.org\/{rel}","templated":true}]}}