{"id":114591,"date":"2024-05-16T11:23:30","date_gmt":"2024-05-16T14:23:30","guid":{"rendered":"https:\/\/www.actualidadadiario.com\/?p=114591"},"modified":"2024-05-16T11:23:30","modified_gmt":"2024-05-16T14:23:30","slug":"ante-la-estrategia-oficial-de-dividir-unidad-de-las-universidades-habra-paro-el-jueves-23-de-mayo","status":"publish","type":"post","link":"https:\/\/www.actualidadadiario.com\/index.php\/2024\/05\/16\/ante-la-estrategia-oficial-de-dividir-unidad-de-las-universidades-habra-paro-el-jueves-23-de-mayo\/","title":{"rendered":"Ante la estrategia oficial de dividir, unidad de las universidades: habr\u00e1 paro el jueves 23 de mayo"},"content":{"rendered":"<p style=\"text-align: center;\"><em><strong>El Consejo Interuniversitario consider\u00f3 &#8220;inadmisible y provocador&#8221; que solo perciba un aumento de presupuesto la UBA y la Franja Morada exigi\u00f3 respuesta a todas las universidades que atraviesan una situaci\u00f3n l\u00edmite<\/strong><\/em><\/p>\n<p>&nbsp;<\/p>\n<p>&nbsp;<\/p>\n<p>El Frente Sindical de Universidades Nacionales anunci\u00f3 que seguir\u00e1 con su jornada de lucha por la crisis econ\u00f3mica y presupuestaria y anunci\u00f3 un paro nacional el pr\u00f3ximo jueves 23 de mayo. Tambi\u00e9n har\u00e1 una jornada de visibilizaci\u00f3n de las demandas con marcha de antorchas el mi\u00e9rcoles 22. &#8220;El Frente Sindical de Universidades Nacionales se reuni\u00f3 hoy en la sede de la CONADU con el fin de evaluar la situaci\u00f3n del sector universitario. A casi un mes de la movilizaci\u00f3n en apoyo a la universidad p\u00fablica m\u00e1s grande de la historia, el Gobierno Nacional no ha resuelto ninguno de los temas del conflicto universitario: salarios, presupuesto y becas estudiantiles&#8221;, comenz\u00f3 el comunicado que el Frente difundi\u00f3 en sus redes sociales.<\/p>\n<p>Y sigui\u00f3: &#8220;La p\u00e9rdida de poder adquisitivo de los salarios, con la inflaci\u00f3n acumulada del 8,8% en el mes de abril, se ha agudizado y la Secretar\u00eda de Educaci\u00f3n no convoc\u00f3 a reuni\u00f3n paritaria para resolver el incremento porcentual para el mes de mayo, no present\u00f3 una propuesta de recuperaci\u00f3n de la p\u00e9rdida salarial acumulada desde el mes de diciembre, no increment\u00f3 la garant\u00eda salarial para los cargos de menores ingresos y no pag\u00f3 el Fonid. Por esa raz\u00f3n convocamos a 48 horas de protesta para los d\u00edas 22 y 23: 24 horas de visibilizaci\u00f3n del conflicto y 24 horas de paro sin concurrencias a los lugares de trabajo&#8221;.<\/p>\n<p>El Frente Sindical de Universidades Nacionales opin\u00f3 que la propuesta que hizo el Gobierno nacional para resolver la cuesti\u00f3n del presupuesto de la UBA &#8220;muestra que la contundencia de la marcha del 23 cambi\u00f3 las condiciones de negociaci\u00f3n&#8221;. Y marc\u00f3: &#8220;Ahora falta el presupuesto de todas las universidades del pa\u00eds, el salario de docentes y no docentes y las becas para que las y los estudiantes puedan ingresar, permanecer y graduarse. No podemos esperar m\u00e1s&#8221;.<\/p>\n<p>&#8220;El Frente Sindical de Universidades Nacionales considera que la situaci\u00f3n cr\u00edtica de la Universidad P\u00fablica se debe resolver integralmente: presupuesto para funcionar, becas para estudiar y salarios dignos para sus trabajadoras y trabajadores docentes y no docentes. Defendamos colectivamente la Universidad P\u00fablica. La salida es con m\u00e1s ciencia y tecnolog\u00eda, con m\u00e1s estudiantes, con m\u00e1s territorialidad&#8221;, agreg\u00f3 el comunicado.<\/p>\n<p>El comunicado lo firmaron los gremios que integran el Frente de Universidades Nacionales: Conadu Hist\u00f3rica, Conadu, Fedun, Fagdut, UDA, Ctera y Fatun.<\/p>\n","protected":false},"excerpt":{"rendered":"<p>El Consejo Interuniversitario consider\u00f3 &#8220;inadmisible y provocador&#8221; que solo perciba un aumento de presupuesto la UBA y la Franja Morada exigi\u00f3 respuesta a todas las universidades que atraviesan una situaci\u00f3n l\u00edmite &nbsp; &nbsp; El Frente Sindical de Universidades Nacionales anunci\u00f3 que seguir\u00e1 con su jornada de lucha por la crisis econ\u00f3mica y presupuestaria y anunci\u00f3 un paro nacional el pr\u00f3ximo jueves 23 de mayo. Tambi\u00e9n har\u00e1 una jornada de visibilizaci\u00f3n de las demandas con marcha de antorchas el mi\u00e9rcoles 22. &#8220;El Frente Sindical de Universidades Nacionales se reuni\u00f3 hoy en&#8230;<\/p>\n","protected":false},"author":3,"featured_media":114592,"comment_status":"closed","ping_status":"closed","sticky":false,"template":"","format":"standard","meta":[],"categories":[9],"tags":[],"_links":{"self":[{"href":"https:\/\/www.actualidadadiario.com\/index.php\/wp-json\/wp\/v2\/posts\/114591"}],"collection":[{"href":"https:\/\/www.actualidadadiario.com\/index.php\/wp-json\/wp\/v2\/posts"}],"about":[{"href":"https:\/\/www.actualidadadiario.com\/index.php\/wp-json\/wp\/v2\/types\/post"}],"author":[{"embeddable":true,"href":"https:\/\/www.actualidadadiario.com\/index.php\/wp-json\/wp\/v2\/users\/3"}],"replies":[{"embeddable":true,"href":"https:\/\/www.actualidadadiario.com\/index.php\/wp-json\/wp\/v2\/comments?post=114591"}],"version-history":[{"count":1,"href":"https:\/\/www.actualidadadiario.com\/index.php\/wp-json\/wp\/v2\/posts\/114591\/revisions"}],"predecessor-version":[{"id":114593,"href":"https:\/\/www.actualidadadiario.com\/index.php\/wp-json\/wp\/v2\/posts\/114591\/revisions\/114593"}],"wp:featuredmedia":[{"embeddable":true,"href":"https:\/\/www.actualidadadiario.com\/index.php\/wp-json\/wp\/v2\/media\/114592"}],"wp:attachment":[{"href":"https:\/\/www.actualidadadiario.com\/index.php\/wp-json\/wp\/v2\/media?parent=114591"}],"wp:term":[{"taxonomy":"category","embeddable":true,"href":"https:\/\/www.actualidadadiario.com\/index.php\/wp-json\/wp\/v2\/categories?post=114591"},{"taxonomy":"post_tag","embeddable":true,"href":"https:\/\/www.actualidadadiario.com\/index.php\/wp-json\/wp\/v2\/tags?post=114591"}],"curies":[{"name":"wp","href":"https:\/\/api.w.org\/{rel}","templated":true}]}}