{"id":114584,"date":"2024-05-16T10:47:20","date_gmt":"2024-05-16T13:47:20","guid":{"rendered":"https:\/\/www.actualidadadiario.com\/?p=114584"},"modified":"2024-05-16T10:47:20","modified_gmt":"2024-05-16T13:47:20","slug":"clinicas-y-sanatorios-de-concordia-confirman-que-con-el-pami-hoy-estan-sin-comunicacion","status":"publish","type":"post","link":"https:\/\/www.actualidadadiario.com\/index.php\/2024\/05\/16\/clinicas-y-sanatorios-de-concordia-confirman-que-con-el-pami-hoy-estan-sin-comunicacion\/","title":{"rendered":"Cl\u00ednicas y Sanatorios de Concordia confirman que con el PAMI \u201choy estan sin comunicaci\u00f3n&#8221;"},"content":{"rendered":"<p style=\"text-align: center;\"><em><strong>Desde la C\u00e1mara de Cl\u00ednicas y Sanatorios de Concordia confirmaron que la UGL-34 de PAMI \u201cse qued\u00f3 sin director ejecutivo\u201d y aseguraron que la situaci\u00f3n \u201cafecta la v\u00eda de comunicaci\u00f3n directa local\u201d<\/strong><\/em><\/p>\n<p>&nbsp;<\/p>\n<p>&nbsp;<\/p>\n<p>El presidente de la C\u00e1mara de Cl\u00ednicas y Sanatorios de Concordia, Andr\u00e9s Lemesoff, explic\u00f3 que esta semana \u201cnos desayunamos la noticia de que la UGL-34 de PAMI se qued\u00f3 sin director ejecutivo\u201d, que se sum\u00f3 a que \u201cpreviamente a eso, no ten\u00eda tampoco un coordinador m\u00e9dico designado\u201d.<\/p>\n<p>En palabras del profesional, esto \u201clamentablemente afecta la v\u00eda de comunicaci\u00f3n directa local, donde uno puede tener su primer reclamo, su primera reuni\u00f3n para resolver cualquier tipo de problemas o de situaciones\u201d.<\/p>\n<p>A modo de ejemplo, precis\u00f3 que \u201cen el d\u00eda a d\u00eda, afecta puntualmente al intercambio de informaci\u00f3n\u201d, como ocurri\u00f3 recientemente, que \u201csali\u00f3 una adenda contractual donde se genera un sistema de incentivos para los prestadores, pero tenemos informaci\u00f3n que no puede ser firmada porque el PAMI no tiene firma directiva\u201d.<\/p>\n<p>Asimismo, se ve reflejado en \u201creclamos de alg\u00fan insumo, de alguna pr\u00f3tesis, de alg\u00fan elemento que se necesite para ciertas pr\u00e1cticas\u201d, ya que \u201cla v\u00eda de comunicaci\u00f3n es con la UGL local para llegar a una soluci\u00f3n de lo planteado\u201d.<\/p>\n<p>Adem\u00e1s, manifest\u00f3 que \u201cnosotros no tenemos acceso a PAMI central, porque siempre ha sido muy centralizado y no hemos tenido m\u00e1s que alg\u00fan intercambio en los \u00faltimos a\u00f1os, siempre a trav\u00e9s de la UGL\u201d, por lo que \u201choy estamos sin comunicaci\u00f3n\u201d.<\/p>\n<p>Consultado sobre la posibilidad de que se presente un reemplazante para el cargo directivo, Lemesoff coment\u00f3 que \u201chasta este martes no ha surgido informaci\u00f3n\u201d al respecto, pero \u201cojal\u00e1 que a la brevedad tengamos una nueva autoridad para poder seguir trabajando, sumado a esto que ven\u00edamos con el problema del mes de abril y mayo con respecto a los aranceles, los atrasos y a la normal prestaci\u00f3n\u201d.<\/p>\n<p>&nbsp;<\/p>\n<p><strong>Planteos de la C\u00e1mara<\/strong><\/p>\n<p>En cuanto a los diferentes planteos que anteriormente se hab\u00edan realizado desde la c\u00e1mara al PAMI, Lemesoff aclar\u00f3 que \u201cun avance distinto al nivel nacional no hab\u00edamos logrado\u201d, pero \u201ccon respecto a ese tema, el PAMI public\u00f3 una actualizaci\u00f3n arancelaria del 7% en abril y el 3,5% en mayo, el cual se encuentra por debajo de los \u00edndices inflacionarios. O sea que el problema de base sigue existiendo\u201d.<\/p>\n<p>Dicho esto, consider\u00f3 que \u201cuna esperanza fue esta adenda contractual con incentivos para los prestadores, pero no contamos con la posibilidad de firmarla\u201d.<\/p>\n","protected":false},"excerpt":{"rendered":"<p>Desde la C\u00e1mara de Cl\u00ednicas y Sanatorios de Concordia confirmaron que la UGL-34 de PAMI \u201cse qued\u00f3 sin director ejecutivo\u201d y aseguraron que la situaci\u00f3n \u201cafecta la v\u00eda de comunicaci\u00f3n directa local\u201d &nbsp; &nbsp; El presidente de la C\u00e1mara de Cl\u00ednicas y Sanatorios de Concordia, Andr\u00e9s Lemesoff, explic\u00f3 que esta semana \u201cnos desayunamos la noticia de que la UGL-34 de PAMI se qued\u00f3 sin director ejecutivo\u201d, que se sum\u00f3 a que \u201cpreviamente a eso, no ten\u00eda tampoco un coordinador m\u00e9dico designado\u201d. En palabras del profesional, esto \u201clamentablemente afecta la v\u00eda&#8230;<\/p>\n","protected":false},"author":3,"featured_media":114585,"comment_status":"closed","ping_status":"closed","sticky":false,"template":"","format":"standard","meta":[],"categories":[15],"tags":[],"_links":{"self":[{"href":"https:\/\/www.actualidadadiario.com\/index.php\/wp-json\/wp\/v2\/posts\/114584"}],"collection":[{"href":"https:\/\/www.actualidadadiario.com\/index.php\/wp-json\/wp\/v2\/posts"}],"about":[{"href":"https:\/\/www.actualidadadiario.com\/index.php\/wp-json\/wp\/v2\/types\/post"}],"author":[{"embeddable":true,"href":"https:\/\/www.actualidadadiario.com\/index.php\/wp-json\/wp\/v2\/users\/3"}],"replies":[{"embeddable":true,"href":"https:\/\/www.actualidadadiario.com\/index.php\/wp-json\/wp\/v2\/comments?post=114584"}],"version-history":[{"count":1,"href":"https:\/\/www.actualidadadiario.com\/index.php\/wp-json\/wp\/v2\/posts\/114584\/revisions"}],"predecessor-version":[{"id":114586,"href":"https:\/\/www.actualidadadiario.com\/index.php\/wp-json\/wp\/v2\/posts\/114584\/revisions\/114586"}],"wp:featuredmedia":[{"embeddable":true,"href":"https:\/\/www.actualidadadiario.com\/index.php\/wp-json\/wp\/v2\/media\/114585"}],"wp:attachment":[{"href":"https:\/\/www.actualidadadiario.com\/index.php\/wp-json\/wp\/v2\/media?parent=114584"}],"wp:term":[{"taxonomy":"category","embeddable":true,"href":"https:\/\/www.actualidadadiario.com\/index.php\/wp-json\/wp\/v2\/categories?post=114584"},{"taxonomy":"post_tag","embeddable":true,"href":"https:\/\/www.actualidadadiario.com\/index.php\/wp-json\/wp\/v2\/tags?post=114584"}],"curies":[{"name":"wp","href":"https:\/\/api.w.org\/{rel}","templated":true}]}}