{"id":114580,"date":"2024-05-16T10:46:03","date_gmt":"2024-05-16T13:46:03","guid":{"rendered":"https:\/\/www.actualidadadiario.com\/?p=114580"},"modified":"2024-05-16T10:46:15","modified_gmt":"2024-05-16T13:46:15","slug":"un-concordiense-fue-nombrado-al-frente-del-distrito-entre-rios-de-vialidad-nacional","status":"publish","type":"post","link":"https:\/\/www.actualidadadiario.com\/index.php\/2024\/05\/16\/un-concordiense-fue-nombrado-al-frente-del-distrito-entre-rios-de-vialidad-nacional\/","title":{"rendered":"Un concordiense fue nombrado al frente del distrito Entre R\u00edos de Vialidad Nacional"},"content":{"rendered":"<p style=\"text-align: center;\"><em><strong>Por disposici\u00f3n del gobierno nacional, el arquitecto Guillermo Marcone fue nombrado en el puesto que, hasta hace poco tiempo, sigui\u00f3 ocupando el justicialista Daniel Koch<\/strong><\/em><\/p>\n<p>&nbsp;<\/p>\n<p>&nbsp;<\/p>\n<p>En las \u00faltimas elecciones locales, Guillermo Marcone fue precandidato a intendente de la ciudad de Concordia, postulado desde la propuesta del MID (Movimiento de Integraci\u00f3n y Desarrollo).<\/p>\n<p>Posteriormente, de la mano de Rogelio Frigerio, fue el tercero en la lista de los candidatos a diputados nacionales por el frente Juntos por Entre R\u00edos.<\/p>\n<p>En la actualidad ven\u00eda desempe\u00f1\u00e1ndose como nexo entre el municipio de Concordia y el gobierno de Entre R\u00edos, hasta que el pasado viernes le lleg\u00f3 el ofrecimiento para hacerse cargo de la zonal Entre R\u00edos de Vialidad Nacional, lo cual acept\u00f3 y este martes lleg\u00f3 la formalidad del nombramiento, seg\u00fan precisaron desde el entorno del ahora funcionario nacional.<\/p>\n","protected":false},"excerpt":{"rendered":"<p>Por disposici\u00f3n del gobierno nacional, el arquitecto Guillermo Marcone fue nombrado en el puesto que, hasta hace poco tiempo, sigui\u00f3 ocupando el justicialista Daniel Koch &nbsp; &nbsp; En las \u00faltimas elecciones locales, Guillermo Marcone fue precandidato a intendente de la ciudad de Concordia, postulado desde la propuesta del MID (Movimiento de Integraci\u00f3n y Desarrollo). Posteriormente, de la mano de Rogelio Frigerio, fue el tercero en la lista de los candidatos a diputados nacionales por el frente Juntos por Entre R\u00edos. En la actualidad ven\u00eda desempe\u00f1\u00e1ndose como nexo entre el municipio&#8230;<\/p>\n","protected":false},"author":3,"featured_media":114581,"comment_status":"closed","ping_status":"closed","sticky":false,"template":"","format":"standard","meta":[],"categories":[15],"tags":[],"_links":{"self":[{"href":"https:\/\/www.actualidadadiario.com\/index.php\/wp-json\/wp\/v2\/posts\/114580"}],"collection":[{"href":"https:\/\/www.actualidadadiario.com\/index.php\/wp-json\/wp\/v2\/posts"}],"about":[{"href":"https:\/\/www.actualidadadiario.com\/index.php\/wp-json\/wp\/v2\/types\/post"}],"author":[{"embeddable":true,"href":"https:\/\/www.actualidadadiario.com\/index.php\/wp-json\/wp\/v2\/users\/3"}],"replies":[{"embeddable":true,"href":"https:\/\/www.actualidadadiario.com\/index.php\/wp-json\/wp\/v2\/comments?post=114580"}],"version-history":[{"count":2,"href":"https:\/\/www.actualidadadiario.com\/index.php\/wp-json\/wp\/v2\/posts\/114580\/revisions"}],"predecessor-version":[{"id":114583,"href":"https:\/\/www.actualidadadiario.com\/index.php\/wp-json\/wp\/v2\/posts\/114580\/revisions\/114583"}],"wp:featuredmedia":[{"embeddable":true,"href":"https:\/\/www.actualidadadiario.com\/index.php\/wp-json\/wp\/v2\/media\/114581"}],"wp:attachment":[{"href":"https:\/\/www.actualidadadiario.com\/index.php\/wp-json\/wp\/v2\/media?parent=114580"}],"wp:term":[{"taxonomy":"category","embeddable":true,"href":"https:\/\/www.actualidadadiario.com\/index.php\/wp-json\/wp\/v2\/categories?post=114580"},{"taxonomy":"post_tag","embeddable":true,"href":"https:\/\/www.actualidadadiario.com\/index.php\/wp-json\/wp\/v2\/tags?post=114580"}],"curies":[{"name":"wp","href":"https:\/\/api.w.org\/{rel}","templated":true}]}}