{"id":114578,"date":"2024-05-16T10:44:55","date_gmt":"2024-05-16T13:44:55","guid":{"rendered":"https:\/\/www.actualidadadiario.com\/?p=114578"},"modified":"2024-05-16T10:44:55","modified_gmt":"2024-05-16T13:44:55","slug":"170-familias-continuan-evacuadas-en-concordia","status":"publish","type":"post","link":"https:\/\/www.actualidadadiario.com\/index.php\/2024\/05\/16\/170-familias-continuan-evacuadas-en-concordia\/","title":{"rendered":"170 familias contin\u00faan evacuadas en Concordia"},"content":{"rendered":"<p style=\"text-align: center;\"><em><strong>Desde el Centro de Operaciones de Emergencias conformado a partir de la creciente del r\u00edo Uruguay se indic\u00f3 que 170 familias contin\u00faan evacuadas: de ellas 111 fueron trasladadas a domicilios de familiares y el resto se encuentra alojadas en centros de evacuados<\/strong><\/em><\/p>\n<p>&nbsp;<\/p>\n<p>&nbsp;<\/p>\n<p>Durante la jornada de este mi\u00e9rcoles, el intendente Francisco Azcu\u00e9, desde el Centro de Operaciones de Emergencias conformado a partir de la creciente del r\u00edo Uruguay ,continu\u00f3 monitoreando la situaci\u00f3n en la ciudad y el trabajo que se viene llevando adelante con el objetivo de dar respuestas a las demandas que surgen a ra\u00edz de la inundaci\u00f3n.<\/p>\n<p>El operativo de evacuaciones se desarroll\u00f3 tal cual lo previsto, en un trabajo conjunto entre las distintas \u00e1reas de la Municipalidad de Concordia, Fuerzas Armadas, de Seguridad, Bomberos Voluntarios, Vialidad Provincial y entidades intermedias.<\/p>\n<p>Se recuerda que aquellas personas que requieran ser evacuadas, deben comunicarse al n\u00famero, gratuito, 103.<\/p>\n<p>En lo que respecta a evacuaciones, realizadas por llamadas al 103, el intendente Azcu\u00e9 inform\u00f3 que hasta este mi\u00e9rcoles 15 de mayo se han evacuado un total de 170 familias, que hacen un total de 579 personas, entre mayores y menores.<\/p>\n<p>Del total de familias evacuadas, 111 de ellas fueron trasladadas a domicilios particulares.<\/p>\n<p>Hay 9 familias, 17 adultos y 18 menores, alojadas en el Centro de Evacuados &#8220;El Refugio&#8221; de\u00a0 Carretera La Cruz.<\/p>\n<p>En las instalaciones del Regimiento hay alojadas 20 familias, 37 mayores y 35 menores. Mientras que en Villa Adela, hay 5 familias evacuadas, 13 mayores y 8 menores<\/p>\n<p>En el centro de evacuados &#8220;Promin&#8221; hay 14 familias, 24 mayores y 30 menores y en la &#8220;Ex Bagley&#8221;, se encuentran evacuadas 9 familias, 17 mayores y 9 menores.<\/p>\n<p>Total de familias que permanecen en los centros de evacuados: 57.<\/p>\n<p>Hasta el d\u00eda de la fecha, 368 personas fueron trasladadas a domicilios particulares y 207, a Centros de Evacuados.<\/p>\n<p>En cuanto a familias autoevacuadas, hasta el momento se han registrado 60, que hacen un total de 171 personas.<\/p>\n","protected":false},"excerpt":{"rendered":"<p>Desde el Centro de Operaciones de Emergencias conformado a partir de la creciente del r\u00edo Uruguay se indic\u00f3 que 170 familias contin\u00faan evacuadas: de ellas 111 fueron trasladadas a domicilios de familiares y el resto se encuentra alojadas en centros de evacuados &nbsp; &nbsp; Durante la jornada de este mi\u00e9rcoles, el intendente Francisco Azcu\u00e9, desde el Centro de Operaciones de Emergencias conformado a partir de la creciente del r\u00edo Uruguay ,continu\u00f3 monitoreando la situaci\u00f3n en la ciudad y el trabajo que se viene llevando adelante con el objetivo de dar&#8230;<\/p>\n","protected":false},"author":3,"featured_media":114352,"comment_status":"closed","ping_status":"closed","sticky":false,"template":"","format":"standard","meta":[],"categories":[15],"tags":[],"_links":{"self":[{"href":"https:\/\/www.actualidadadiario.com\/index.php\/wp-json\/wp\/v2\/posts\/114578"}],"collection":[{"href":"https:\/\/www.actualidadadiario.com\/index.php\/wp-json\/wp\/v2\/posts"}],"about":[{"href":"https:\/\/www.actualidadadiario.com\/index.php\/wp-json\/wp\/v2\/types\/post"}],"author":[{"embeddable":true,"href":"https:\/\/www.actualidadadiario.com\/index.php\/wp-json\/wp\/v2\/users\/3"}],"replies":[{"embeddable":true,"href":"https:\/\/www.actualidadadiario.com\/index.php\/wp-json\/wp\/v2\/comments?post=114578"}],"version-history":[{"count":1,"href":"https:\/\/www.actualidadadiario.com\/index.php\/wp-json\/wp\/v2\/posts\/114578\/revisions"}],"predecessor-version":[{"id":114579,"href":"https:\/\/www.actualidadadiario.com\/index.php\/wp-json\/wp\/v2\/posts\/114578\/revisions\/114579"}],"wp:featuredmedia":[{"embeddable":true,"href":"https:\/\/www.actualidadadiario.com\/index.php\/wp-json\/wp\/v2\/media\/114352"}],"wp:attachment":[{"href":"https:\/\/www.actualidadadiario.com\/index.php\/wp-json\/wp\/v2\/media?parent=114578"}],"wp:term":[{"taxonomy":"category","embeddable":true,"href":"https:\/\/www.actualidadadiario.com\/index.php\/wp-json\/wp\/v2\/categories?post=114578"},{"taxonomy":"post_tag","embeddable":true,"href":"https:\/\/www.actualidadadiario.com\/index.php\/wp-json\/wp\/v2\/tags?post=114578"}],"curies":[{"name":"wp","href":"https:\/\/api.w.org\/{rel}","templated":true}]}}