{"id":114576,"date":"2024-05-16T10:44:18","date_gmt":"2024-05-16T13:44:18","guid":{"rendered":"https:\/\/www.actualidadadiario.com\/?p=114576"},"modified":"2024-05-16T10:44:18","modified_gmt":"2024-05-16T13:44:18","slug":"advierten-que-el-sector-porcino-entrerriano-esta-en-una-situacion-de-quebranto","status":"publish","type":"post","link":"https:\/\/www.actualidadadiario.com\/index.php\/2024\/05\/16\/advierten-que-el-sector-porcino-entrerriano-esta-en-una-situacion-de-quebranto\/","title":{"rendered":"Advierten que el sector porcino entrerriano est\u00e1 en \u201cuna situaci\u00f3n de quebranto\u201d"},"content":{"rendered":"<p style=\"text-align: center;\"><em><strong>La C\u00e1mara de Productores Porcinos de Entre R\u00edos (Capper) mantuvo este mi\u00e9rcoles una reuni\u00f3n con el ministro de Desarrollo Productivo Guillermo Bernaudo, a quien se le coment\u00f3 la compleja situaci\u00f3n que atraviesa el sector. All\u00ed se advirti\u00f3 por los n\u00fameros negativos a la hora de producir, entre otras problem\u00e1ticas que son propias de la cadena en la provincia y el pa\u00eds<\/strong><\/em><\/p>\n<p>&nbsp;<\/p>\n<p>&nbsp;<\/p>\n<p>&nbsp;<\/p>\n<p>En representaci\u00f3n de Capper estuvieron presentes sus autoridades, Sebasti\u00e1n Bouzada (presidente), Juan Pablo Cerini (secretario), Carlos Trossero (revisor de cuentas), Alejandro Bengolea (vocal) y Javier Brunet (coordinador). Participaron tambi\u00e9n del encuentro Maricel Ramos, coordinadora de Avicultura y Porcinos, Mart\u00edn Sieber, director de Ganader\u00eda, y Daniel Rodr\u00edguez, coordinador General del Ministerio.<\/p>\n<p>Durante el encuentro, desde Capper se repas\u00f3 la agenda que lleva adelante la entidad y se expuso fundamentalmente c\u00f3mo es la situaci\u00f3n de quebranto que atraviesan los productores. Al respecto, se marc\u00f3 que est\u00e1n vendiendo capones a un precio de venta por kilo que ronda los 1.000 pesos, mientras que los costos de producci\u00f3n promedian los 1.150 pesos. Al respecto, se advirti\u00f3 por las perspectivas dif\u00edciles para 2024.<\/p>\n<p>Entre otros temas, se plante\u00f3 la necesidad de avanzar en un plan de recuperaci\u00f3n de los caminos productivos, cuya problem\u00e1tica es transversal a otras cadenas de valor en la provincia. Tambi\u00e9n se advirti\u00f3 por la necesidad de morigerar los aumentos en la energ\u00eda y desarrollar un plan de mejora del servicio.<\/p>\n<p>Por otro lado desde la entidad se se\u00f1al\u00f3 la necesidad de financiaci\u00f3n para llevar a cabo las inversiones que requiere la cadena, cuya estrategia de expansi\u00f3n es horizontal y vertical en el sector y resulta clave para generar mano de obra. Tambi\u00e9n se destac\u00f3 el trabajo que se realiza en materia de simplificaci\u00f3n y digitalizaci\u00f3n de tr\u00e1mites ambientales, adem\u00e1s de avanzar en los temas normativos pendientes.<\/p>\n<p>Finalmente, se convers\u00f3 sobre las pol\u00edticas de comercio exterior y su impacto en el sector porcino. Por un lado, se advirti\u00f3 por el riesgo siempre latente de las importaciones, fundamentalmente de aquellos cortes congelados que llegan desde Brasil. Por otro lado, se destac\u00f3 la necesidad de que haya pol\u00edticas que promuevan las exportaciones, ante vol\u00famenes actuales que hoy no son significativos. Al respecto, se mencion\u00f3 la oportunidad que se abre en esta coyuntura de vender a Uruguay.<\/p>\n<p>Desde Capper se destac\u00f3 la predisposici\u00f3n de las autoridades del Ministerio de Desarrollo Productivo para poder avanzar en una agenda de trabajo conjunto, en pos de ir avanzando en las gestiones de los distintos temas.<\/p>\n","protected":false},"excerpt":{"rendered":"<p>La C\u00e1mara de Productores Porcinos de Entre R\u00edos (Capper) mantuvo este mi\u00e9rcoles una reuni\u00f3n con el ministro de Desarrollo Productivo Guillermo Bernaudo, a quien se le coment\u00f3 la compleja situaci\u00f3n que atraviesa el sector. All\u00ed se advirti\u00f3 por los n\u00fameros negativos a la hora de producir, entre otras problem\u00e1ticas que son propias de la cadena en la provincia y el pa\u00eds &nbsp; &nbsp; &nbsp; En representaci\u00f3n de Capper estuvieron presentes sus autoridades, Sebasti\u00e1n Bouzada (presidente), Juan Pablo Cerini (secretario), Carlos Trossero (revisor de cuentas), Alejandro Bengolea (vocal) y Javier Brunet&#8230;<\/p>\n","protected":false},"author":3,"featured_media":9556,"comment_status":"closed","ping_status":"closed","sticky":false,"template":"","format":"standard","meta":[],"categories":[15],"tags":[],"_links":{"self":[{"href":"https:\/\/www.actualidadadiario.com\/index.php\/wp-json\/wp\/v2\/posts\/114576"}],"collection":[{"href":"https:\/\/www.actualidadadiario.com\/index.php\/wp-json\/wp\/v2\/posts"}],"about":[{"href":"https:\/\/www.actualidadadiario.com\/index.php\/wp-json\/wp\/v2\/types\/post"}],"author":[{"embeddable":true,"href":"https:\/\/www.actualidadadiario.com\/index.php\/wp-json\/wp\/v2\/users\/3"}],"replies":[{"embeddable":true,"href":"https:\/\/www.actualidadadiario.com\/index.php\/wp-json\/wp\/v2\/comments?post=114576"}],"version-history":[{"count":1,"href":"https:\/\/www.actualidadadiario.com\/index.php\/wp-json\/wp\/v2\/posts\/114576\/revisions"}],"predecessor-version":[{"id":114577,"href":"https:\/\/www.actualidadadiario.com\/index.php\/wp-json\/wp\/v2\/posts\/114576\/revisions\/114577"}],"wp:featuredmedia":[{"embeddable":true,"href":"https:\/\/www.actualidadadiario.com\/index.php\/wp-json\/wp\/v2\/media\/9556"}],"wp:attachment":[{"href":"https:\/\/www.actualidadadiario.com\/index.php\/wp-json\/wp\/v2\/media?parent=114576"}],"wp:term":[{"taxonomy":"category","embeddable":true,"href":"https:\/\/www.actualidadadiario.com\/index.php\/wp-json\/wp\/v2\/categories?post=114576"},{"taxonomy":"post_tag","embeddable":true,"href":"https:\/\/www.actualidadadiario.com\/index.php\/wp-json\/wp\/v2\/tags?post=114576"}],"curies":[{"name":"wp","href":"https:\/\/api.w.org\/{rel}","templated":true}]}}