{"id":114573,"date":"2024-05-16T10:43:27","date_gmt":"2024-05-16T13:43:27","guid":{"rendered":"https:\/\/www.actualidadadiario.com\/?p=114573"},"modified":"2024-05-16T10:43:27","modified_gmt":"2024-05-16T13:43:27","slug":"el-senado-aprobo-el-proyecto-que-destina-la-mitad-del-inmobiliario-rural-a-reparar-caminos-rurales","status":"publish","type":"post","link":"https:\/\/www.actualidadadiario.com\/index.php\/2024\/05\/16\/el-senado-aprobo-el-proyecto-que-destina-la-mitad-del-inmobiliario-rural-a-reparar-caminos-rurales\/","title":{"rendered":"El Senado aprob\u00f3 el proyecto que destina la mitad del Inmobiliario Rural a reparar caminos rurales"},"content":{"rendered":"<p style=\"text-align: center;\"><em><strong>La C\u00e1mara de Senadores de Entre R\u00edos aprob\u00f3 por unanimidad el proyecto impulsado por el Gobierno que establece aumentar del 20% al 50% el porcentaje del Impuesto Inmobiliario Rural que se destina al mejoramiento a la conservaci\u00f3n y el mejoramiento de los caminos rurales. El Fondo estar\u00e1 administrado por la Direcci\u00f3n Provincial de Vialidad<\/strong><\/em><\/p>\n<p>&nbsp;<\/p>\n<p>&nbsp;<\/p>\n<p>La C\u00e1mara de Senadores de Entre R\u00edos realiz\u00f3 este mi\u00e9rcoles la sexta Sesi\u00f3n Ordinaria correspondiente al 145\u00ba Per\u00edodo Legislativo, que fue presidida por la vicegobernadora y presidente del Senado, Alicia Aluani.<\/p>\n<p>En esta sesi\u00f3n, los senadores aprobaron el proyecto enviado por el Poder Ejecutivo que modifica el art\u00edculo 37\u00b0 de la Ley 9602 de Presupuesto de la Administraci\u00f3n Provincial, el cual trata sobre el aumento del porcentaje destinado al Fondo de Desarrollo y Conservaci\u00f3n Vial, que pasa a constituirse del 20% al 50% de lo recaudado en concepto del Impuesto Inmobiliario Rural. El Fondo estar\u00e1 administrado por la Direcci\u00f3n Provincial de Vialidad.<\/p>\n<p>El senador y presidente de la comisi\u00f3n de Presupuesto y Hacienda, Rub\u00e9n Dal Mol\u00edn (Federaci\u00f3n \u2013 Juntos por Entre R\u00edos), brind\u00f3 fundamentos para la aprobaci\u00f3n de este proyecto, y explic\u00f3: \u201cLos caminos, las rutas provinciales, sean troncales o salidas secundarias a la producci\u00f3n, son de inter\u00e9s de todos los senadores. Puedo asegurar que somos permanentemente interpelados por productores y vecinos de zonas rurales en la necesidad de encontrar soluciones. El proyecto tiene un solo art\u00edculo. La simpleza del mismo, sin embargo, no significa que no tenga importancia en el marco de las pol\u00edticas p\u00fablicas\u201d.<\/p>\n<p>Adem\u00e1s, destac\u00f3 la incorporaci\u00f3n al proyecto de un aporte del senador V\u00edctor Sanzberro (Victoria \u2013 M\u00e1s Para Entre R\u00edos) que consta en que \u201csi los recursos afectados a este Fondo no fueran invertidos en su totalidad, los saldos no utilizados pasar\u00e1n al siguiente ejercicio conservando la afectaci\u00f3n dispuesta en este art\u00edculo\u201d.<\/p>\n<p>Por su parte, senador Mart\u00edn Oliva (Uruguay \u2013 M\u00e1s Para Entre R\u00edos) manifest\u00f3 el acompa\u00f1amiento de la oposici\u00f3n a este proyecto del Ejecutivo: \u201cEstamos convencidos de acompa\u00f1ar esto, porque nosotros sabemos que, por los caminos de nuestra provincia, m\u00e1s all\u00e1 de la producci\u00f3n, tambi\u00e9n los docentes van a clase, el sistema sanitario presta su atenci\u00f3n y las fuerzas de seguridad se trasladan. Entonces, entendemos que el producido del trabajo es importante, pero los otros elementos tambi\u00e9n son trascendentales. Van a hacer falta muchos a\u00f1os, pero no es solamente mirar para atr\u00e1s sino para el futuro, como estamos haciendo en este caso\u201d.<\/p>\n<p>&nbsp;<\/p>\n<p>Adem\u00e1s, se aprobaron 10 proyectos de declaraci\u00f3n y 2 de comunicaci\u00f3n.<\/p>\n<p>&nbsp;<\/p>\n<p><strong>Homenaje a Alicia Reynoso<\/strong><\/p>\n<p>Como parte del Proyecto de declaraci\u00f3n de autor\u00eda de la senadora Gloria Cozzi (Concordia \u2013 Juntos Por Entre R\u00edos), se realiz\u00f3 un reconocimiento en calidad de \u201cCiudadano Ilustre de la Provincia de Entre R\u00edos\u201d a Alicia Mabel Reynoso por su labor en el Hospital Militar de Comodoro Rivadavia durante la Guerra de Malvinas en 1982, siendo parte de las 14 enfermeras de la Fuerza A\u00e9rea de todo el pa\u00eds, y la \u00fanica mujer entrerriana Veterana de Malvinas.<\/p>\n<p>En ese marco, se hizo entrega de una placa de honor a trav\u00e9s de la presidente del Senado, Alicia Aluani. Al respecto, la vicegobernadora valor\u00f3 como un hecho \u201cinmemorable\u201d, y expres\u00f3: \u201cSer la \u00fanica mujer de Entre R\u00edos que ha pasado por esto realmente me emociona y es un honor para m\u00ed\u201d. Y agreg\u00f3: \u201cAlicia es un orgullo no solo para los entrerrianos, sino tambi\u00e9n para nosotras las mujeres\u201d.<\/p>\n<p>En ese sentido, la mandataria record\u00f3 el previo encuentro que mantuvo con Reynoso, y destac\u00f3 sobre su labor que: \u201cElla me contaba qu\u00e9 es lo que hacen en sus actividades, que adem\u00e1s de socorrer y cuidar a los soldados heridos, tambi\u00e9n le brindaban una palabra de aliento y contenci\u00f3n emocional\u201d<\/p>\n<p>Por su parte, Alicia Reynoso, enfermera veterana de Malvinas, brind\u00f3 un saludo en representaci\u00f3n de las enfermeras veteranas de la Fuerza A\u00e9rea, y agradeci\u00f3 el reconocimiento que recibi\u00f3 \u201cpor primera vez en tantos a\u00f1os\u201d, destac\u00f3 el rol de la vicegobernadora por \u201cser la que por primera vez en tantos a\u00f1os la llam\u00f3\u201d, y reivindic\u00f3 el rol de la mujer en la Guerra de Malvinas.<\/p>\n<p>&nbsp;<\/p>\n<p><strong>Proyectos de ley ingresados<\/strong><\/p>\n<p>En esta sesi\u00f3n ingresaron tres proyectos de ley.<\/p>\n<p>Uno elaborado por el Poder Ejecutivo, mediante el cual se declara en el \u00e1mbito de la Provincia de Entre R\u00edos el estado de emergencia de la infraestructura vial por el plazo de un a\u00f1o a partir de la entrada en vigencia de la presente, prorrogable por el Poder Ejecutivo por \u00fanica vez y por el plazo de ciento ochenta (180) d\u00edas. Fue destinado a la Comisi\u00f3n de Presupuesto y Hacienda.<\/p>\n<p>Tambi\u00e9n se dieron lugar a dos proyectos presentados por los senadores. Uno de autor\u00eda del senador Rafael Cavagna (Nogoy\u00e1 \u2013 Juntos Por Entre R\u00edos) por el que se deroga el Art\u00edculo 75\u00b0 de la Ley N\u00b0 7.896 de Ejercicio Profesional y Org\u00e1nica del Consejo Profesional de Ciencias Econ\u00f3micas de Entre R\u00edos; y otro de autor\u00eda del senador Dal Mol\u00edn, por el que se reemplaza el \u201cinciso c\u201d \u2013 del Art\u00edculo 1\u00b0 de Ley N\u00b0 11.139, de Transferencia de Inmuebles a la Municipalidad de Santa Ana. Ambos fueron enviados a la Comisi\u00f3n de Legislaci\u00f3n General.<\/p>\n<p>&nbsp;<\/p>\n<p><strong>Homenaje de los senadores<\/strong><\/p>\n<p>Al turno de los homenajes, el senador Rub\u00e9n Hern\u00e1n M\u00e9ndez (Islas \u2013 Juntos por Entre R\u00edos) rindi\u00f3 homenaje a los 40 a\u00f1os de la creaci\u00f3n del departamento Islas del Ibicuy que celebr\u00f3 un nuevo aniversario el pasado 7 de mayo.<\/p>\n<p>En ese sentido, el senador realiz\u00f3 una breve rese\u00f1a hist\u00f3rica y explic\u00f3 que Islas \u201ces el noveno departamento m\u00e1s grande de la provincia, pero menos poblado. Ibicuy fue puerta de entrada y salida de la provincia de Buenos Aires por el norte de nuestro pa\u00eds\u201d y agreg\u00f3: \u201cNuestro departamento se caracteriza por su belleza natural, ya que est\u00e1 compuesto por numerosas islas y flotes embarcadas sobre el r\u00edo Paran\u00e1, conformando el delta de Paran\u00e1. La econom\u00eda principal est\u00e1 dada por el turismo, la ganader\u00eda, la forestaci\u00f3n y la agricultura. Es un departamento de grandes poetas y cantores que mantienen hoy en d\u00eda la tradici\u00f3n arraigada del estilo de vida ligado desde el tr\u00e1nsito al r\u00edo\u201d.<\/p>\n<p>Y finaliz\u00f3: \u201csomos conscientes de que nos falta por hacer mucho, pero estamos convencidos de seguir trabajando por una sociedad m\u00e1s justa\u201d.<\/p>\n<p>Por su parte, el senador Juan Diego Conti (Tala \u2013 M\u00e1s Para Entre R\u00edos) puso en valor la Semana del Miel como una importante instancia de promoci\u00f3n del consumo de este producto, destacando su importancia econ\u00f3mica y cultural a nivel provincial: \u201cEs una econom\u00eda muy importante para nuestra zona, no solamente para nuestros pueblos, sino para toda la provincia, y tambi\u00e9n es una labor que se transmite de generaci\u00f3n en generaci\u00f3n y que forma parte muy arraigada de nuestra identidad y de nuestra historia, y que tambi\u00e9n nos distingue en todo el pa\u00eds, en todo el mundo\u201d.<\/p>\n<p>Asimismo, explic\u00f3 que en la localidad de Maci\u00e1 \u201cse produce 1.500 toneladas anuales, tiene m\u00e1s de 300 productores trabajando, y la apicultura es una de las actividades m\u00e1s productivas que se ha desarrollado en los \u00faltimos 30 a\u00f1os. A ra\u00edz de eso, ha surgido nuestra fiesta emblema que hace 30 a\u00f1os empez\u00f3 siendo la fiesta de la miel, despu\u00e9s fiesta provincial, despu\u00e9s fiesta nacional, y hoy somos, orgullosamente, la fiesta ap\u00edcola del Mercosur\u201d.<\/p>\n<p>Por \u00faltimo, el senador inst\u00f3 a promover pol\u00edticas p\u00fablicas que incentiven la producci\u00f3n de la miel para potenciar el desarrollo econ\u00f3mico y la generaci\u00f3n de empleos.<\/p>\n","protected":false},"excerpt":{"rendered":"<p>La C\u00e1mara de Senadores de Entre R\u00edos aprob\u00f3 por unanimidad el proyecto impulsado por el Gobierno que establece aumentar del 20% al 50% el porcentaje del Impuesto Inmobiliario Rural que se destina al mejoramiento a la conservaci\u00f3n y el mejoramiento de los caminos rurales. El Fondo estar\u00e1 administrado por la Direcci\u00f3n Provincial de Vialidad &nbsp; &nbsp; La C\u00e1mara de Senadores de Entre R\u00edos realiz\u00f3 este mi\u00e9rcoles la sexta Sesi\u00f3n Ordinaria correspondiente al 145\u00ba Per\u00edodo Legislativo, que fue presidida por la vicegobernadora y presidente del Senado, Alicia Aluani. En esta sesi\u00f3n,&#8230;<\/p>\n","protected":false},"author":3,"featured_media":114574,"comment_status":"closed","ping_status":"closed","sticky":false,"template":"","format":"standard","meta":[],"categories":[15],"tags":[],"_links":{"self":[{"href":"https:\/\/www.actualidadadiario.com\/index.php\/wp-json\/wp\/v2\/posts\/114573"}],"collection":[{"href":"https:\/\/www.actualidadadiario.com\/index.php\/wp-json\/wp\/v2\/posts"}],"about":[{"href":"https:\/\/www.actualidadadiario.com\/index.php\/wp-json\/wp\/v2\/types\/post"}],"author":[{"embeddable":true,"href":"https:\/\/www.actualidadadiario.com\/index.php\/wp-json\/wp\/v2\/users\/3"}],"replies":[{"embeddable":true,"href":"https:\/\/www.actualidadadiario.com\/index.php\/wp-json\/wp\/v2\/comments?post=114573"}],"version-history":[{"count":1,"href":"https:\/\/www.actualidadadiario.com\/index.php\/wp-json\/wp\/v2\/posts\/114573\/revisions"}],"predecessor-version":[{"id":114575,"href":"https:\/\/www.actualidadadiario.com\/index.php\/wp-json\/wp\/v2\/posts\/114573\/revisions\/114575"}],"wp:featuredmedia":[{"embeddable":true,"href":"https:\/\/www.actualidadadiario.com\/index.php\/wp-json\/wp\/v2\/media\/114574"}],"wp:attachment":[{"href":"https:\/\/www.actualidadadiario.com\/index.php\/wp-json\/wp\/v2\/media?parent=114573"}],"wp:term":[{"taxonomy":"category","embeddable":true,"href":"https:\/\/www.actualidadadiario.com\/index.php\/wp-json\/wp\/v2\/categories?post=114573"},{"taxonomy":"post_tag","embeddable":true,"href":"https:\/\/www.actualidadadiario.com\/index.php\/wp-json\/wp\/v2\/tags?post=114573"}],"curies":[{"name":"wp","href":"https:\/\/api.w.org\/{rel}","templated":true}]}}