{"id":114566,"date":"2024-05-15T13:19:06","date_gmt":"2024-05-15T16:19:06","guid":{"rendered":"https:\/\/www.actualidadadiario.com\/?p=114566"},"modified":"2024-05-15T13:19:06","modified_gmt":"2024-05-15T16:19:06","slug":"joe-biden-y-donald-trump-acuerdan-debatir-el-27-de-junio","status":"publish","type":"post","link":"https:\/\/www.actualidadadiario.com\/index.php\/2024\/05\/15\/joe-biden-y-donald-trump-acuerdan-debatir-el-27-de-junio\/","title":{"rendered":"Joe Biden y Donald Trump acuerdan debatir el 27 de junio"},"content":{"rendered":"<p style=\"text-align: center;\"><em><strong>El republicano acept\u00f3 la propuesta del presidente estadounidense para debatir en dos oportunidades antes de las elecciones. El primer encuentro ser\u00e1 organizado por la cadena de noticias CNN<\/strong><\/em><\/p>\n<p>&nbsp;<\/p>\n<p>&nbsp;<\/p>\n<p>El exmandatario de Estados Unidos, Donald Trump, acept\u00f3 este mi\u00e9rcoles (15.05.2024) la propuesta del presidente, el dem\u00f3crata Joe Biden, de realizar dos debates antes de las elecciones del pr\u00f3ximo 5 de noviembre, en la que ambos buscan la reelecci\u00f3n.<\/p>\n<p>&#8220;Estoy listo y con ganas&#8221;, afirm\u00f3 Trump en su red Truth Social.<\/p>\n<p>&#8220;Vamos, listos para la pelea&#8221;, a\u00f1adi\u00f3 el republicano.<\/p>\n<p>Trump respondi\u00f3 a una solicitud de Biden publicada en X, en la que en un video el presidente dec\u00eda &#8220;Dame un gusto, amigo. Estoy listo para hacerlo incluso dos veces&#8221;.<\/p>\n<p>&#8220;Fijemos las fechas, Donald. He o\u00eddo que tienes libre los mi\u00e9rcoles&#8221;, a\u00f1adi\u00f3 con un dejo de iron\u00eda, al hacer referencia a los d\u00edas que toma una pausa el tribunal de Nueva York en el que el exmandatario es juzgado desde hace un mes.<\/p>\n<p>&nbsp;<\/p>\n<p><strong>Primer debate ser\u00e1 organizado por CNN<\/strong><\/p>\n<p>El primero de estos debates se llevar\u00e1 a cabo el pr\u00f3ximo 27 de junio, y ser\u00e1 organizado por la cadena de noticias CNN.<\/p>\n<p>&#8220;Para garantizar que los candidatos aprovechen el tiempo de la mejor manera, no habr\u00e1 p\u00fablico presente en el estudio&#8221;, indic\u00f3 la cadena estadounidense.<\/p>\n<p>&#8220;Donald Trump perdi\u00f3 dos debates contra m\u00ed en 2020. Desde entonces, no se ha presentado a ning\u00fan otro. Ahora act\u00faa como si quisiera debatir conmigo de nuevo&#8221;, hab\u00eda dicho Biden en el video publicado en X.<\/p>\n<p>En Truth Social, el exmandatario describi\u00f3 a Biden como &#8220;el peor polemista&#8221; al que se ha &#8220;enfrentado&#8221; y tras confirmar su disposici\u00f3n a debatir en &#8220;los dos momentos propuestos&#8221;, pidi\u00f3 un &#8220;lugar muy grande, aunque supuestamente Biden tiene miedo de las multitudes&#8221;.<\/p>\n<p>El segundo encuentro deber\u00eda ser a principios de septiembre, lo que permitir\u00eda llegar a tiempo para influir en el voto anticipado, pero no mantendr\u00eda a los candidatos fuera de la campa\u00f1a electoral en el &#8220;per\u00edodo cr\u00edtico de finales de septiembre y octubre&#8221;.<\/p>\n","protected":false},"excerpt":{"rendered":"<p>El republicano acept\u00f3 la propuesta del presidente estadounidense para debatir en dos oportunidades antes de las elecciones. El primer encuentro ser\u00e1 organizado por la cadena de noticias CNN &nbsp; &nbsp; El exmandatario de Estados Unidos, Donald Trump, acept\u00f3 este mi\u00e9rcoles (15.05.2024) la propuesta del presidente, el dem\u00f3crata Joe Biden, de realizar dos debates antes de las elecciones del pr\u00f3ximo 5 de noviembre, en la que ambos buscan la reelecci\u00f3n. &#8220;Estoy listo y con ganas&#8221;, afirm\u00f3 Trump en su red Truth Social. &#8220;Vamos, listos para la pelea&#8221;, a\u00f1adi\u00f3 el republicano. Trump&#8230;<\/p>\n","protected":false},"author":3,"featured_media":114567,"comment_status":"closed","ping_status":"closed","sticky":false,"template":"","format":"standard","meta":[],"categories":[4],"tags":[],"_links":{"self":[{"href":"https:\/\/www.actualidadadiario.com\/index.php\/wp-json\/wp\/v2\/posts\/114566"}],"collection":[{"href":"https:\/\/www.actualidadadiario.com\/index.php\/wp-json\/wp\/v2\/posts"}],"about":[{"href":"https:\/\/www.actualidadadiario.com\/index.php\/wp-json\/wp\/v2\/types\/post"}],"author":[{"embeddable":true,"href":"https:\/\/www.actualidadadiario.com\/index.php\/wp-json\/wp\/v2\/users\/3"}],"replies":[{"embeddable":true,"href":"https:\/\/www.actualidadadiario.com\/index.php\/wp-json\/wp\/v2\/comments?post=114566"}],"version-history":[{"count":1,"href":"https:\/\/www.actualidadadiario.com\/index.php\/wp-json\/wp\/v2\/posts\/114566\/revisions"}],"predecessor-version":[{"id":114568,"href":"https:\/\/www.actualidadadiario.com\/index.php\/wp-json\/wp\/v2\/posts\/114566\/revisions\/114568"}],"wp:featuredmedia":[{"embeddable":true,"href":"https:\/\/www.actualidadadiario.com\/index.php\/wp-json\/wp\/v2\/media\/114567"}],"wp:attachment":[{"href":"https:\/\/www.actualidadadiario.com\/index.php\/wp-json\/wp\/v2\/media?parent=114566"}],"wp:term":[{"taxonomy":"category","embeddable":true,"href":"https:\/\/www.actualidadadiario.com\/index.php\/wp-json\/wp\/v2\/categories?post=114566"},{"taxonomy":"post_tag","embeddable":true,"href":"https:\/\/www.actualidadadiario.com\/index.php\/wp-json\/wp\/v2\/tags?post=114566"}],"curies":[{"name":"wp","href":"https:\/\/api.w.org\/{rel}","templated":true}]}}