{"id":114563,"date":"2024-05-15T13:17:57","date_gmt":"2024-05-15T16:17:57","guid":{"rendered":"https:\/\/www.actualidadadiario.com\/?p=114563"},"modified":"2024-05-15T13:17:57","modified_gmt":"2024-05-15T16:17:57","slug":"el-primer-ministro-de-eslovaquia-fue-atacado-a-tiros-tras-una-reunion-gubernamental","status":"publish","type":"post","link":"https:\/\/www.actualidadadiario.com\/index.php\/2024\/05\/15\/el-primer-ministro-de-eslovaquia-fue-atacado-a-tiros-tras-una-reunion-gubernamental\/","title":{"rendered":"El primer ministro de Eslovaquia fue atacado a tiros tras una reuni\u00f3n gubernamental"},"content":{"rendered":"<p style=\"text-align: center;\"><em><strong>Robert Fico fue herido de bala y un testigo dijo que la Polic\u00eda detuvo a un hombre<\/strong><\/em><\/p>\n<p>&nbsp;<\/p>\n<p>&nbsp;<\/p>\n<p>El primer ministro de Eslovaquia, Robert Fico, result\u00f3 herido en un tiroteo tras una reuni\u00f3n gubernamental, informaron este mi\u00e9rcoles medios de comunicaci\u00f3n eslovacos.<\/p>\n<p>Un testigo de Reuters oy\u00f3 varios disparos tras la reuni\u00f3n en Handlova, al noreste de la capital, Bratislava y la Polic\u00eda detuvo a un hombre y los agentes de seguridad empujaron a alguien a un coche y se marcharon, dijo el testigo.<\/p>\n<p>TASR cit\u00f3 al vicepresidente del Parlamento, Lubos Blaha, quien afirm\u00f3 que Fico hab\u00eda resultado herido por disparos. La emisora TA3 inform\u00f3 de cuatro disparos, uno de los cuales alcanz\u00f3 a Fico, de 59 a\u00f1os, en el abdomen.<\/p>\n<p>Los servicios de emergencia informaron de que hab\u00edan enviado un helic\u00f3ptero a buscar a un hombre de 59 a\u00f1os en Handlova tras recibir informaci\u00f3n de que le hab\u00edan disparado.<\/p>\n<p>No fue posible contactar inmediatamente con la oficina del Gobierno para que hiciera comentarios.<\/p>\n<p>En tanto, \u00darsula von der Leyen, Presidenta de la Comisi\u00f3n Europea, conden\u00f3 lo que calific\u00f3 de vil ataque contra Fico.<\/p>\n<p>El Gobierno eslovaco estaba reunido en Handlova, 190 kil\u00f3metros al noreste de Bratislava, en el marco de una gira por las regiones del pa\u00eds tras llegar al poder a finales del a\u00f1o pasado.<\/p>\n<p>Fico volvi\u00f3 a ser primer ministro de este pa\u00eds centroeuropeo, miembro de la Uni\u00f3n Europea y de la OTAN, por cuarta vez el a\u00f1o pasado, tras cambiar de rumbo pol\u00edtico para atraer a un electorado cambiante.<\/p>\n<p>En sus tres d\u00e9cadas de carrera, Fico se movi\u00f3 entre la corriente pro europea y posiciones nacionalistas opuestas a las pol\u00edticas de la Uni\u00f3n Europea y Estados Unidos. Adem\u00e1s, se mostr\u00f3 dispuesto a cambiar de rumbo en funci\u00f3n de la opini\u00f3n p\u00fablica o de la evoluci\u00f3n de la realidad pol\u00edtica.<\/p>\n<p>Tras el tiroteo, el mayor partido de la oposici\u00f3n eslovaca suspendi\u00f3 una protesta contra las reformas de la radiotelevisi\u00f3n p\u00fablica prevista para el mi\u00e9rcoles por la noche.<\/p>\n","protected":false},"excerpt":{"rendered":"<p>Robert Fico fue herido de bala y un testigo dijo que la Polic\u00eda detuvo a un hombre &nbsp; &nbsp; El primer ministro de Eslovaquia, Robert Fico, result\u00f3 herido en un tiroteo tras una reuni\u00f3n gubernamental, informaron este mi\u00e9rcoles medios de comunicaci\u00f3n eslovacos. Un testigo de Reuters oy\u00f3 varios disparos tras la reuni\u00f3n en Handlova, al noreste de la capital, Bratislava y la Polic\u00eda detuvo a un hombre y los agentes de seguridad empujaron a alguien a un coche y se marcharon, dijo el testigo. TASR cit\u00f3 al vicepresidente del Parlamento,&#8230;<\/p>\n","protected":false},"author":3,"featured_media":114564,"comment_status":"closed","ping_status":"closed","sticky":false,"template":"","format":"standard","meta":[],"categories":[4],"tags":[],"_links":{"self":[{"href":"https:\/\/www.actualidadadiario.com\/index.php\/wp-json\/wp\/v2\/posts\/114563"}],"collection":[{"href":"https:\/\/www.actualidadadiario.com\/index.php\/wp-json\/wp\/v2\/posts"}],"about":[{"href":"https:\/\/www.actualidadadiario.com\/index.php\/wp-json\/wp\/v2\/types\/post"}],"author":[{"embeddable":true,"href":"https:\/\/www.actualidadadiario.com\/index.php\/wp-json\/wp\/v2\/users\/3"}],"replies":[{"embeddable":true,"href":"https:\/\/www.actualidadadiario.com\/index.php\/wp-json\/wp\/v2\/comments?post=114563"}],"version-history":[{"count":1,"href":"https:\/\/www.actualidadadiario.com\/index.php\/wp-json\/wp\/v2\/posts\/114563\/revisions"}],"predecessor-version":[{"id":114565,"href":"https:\/\/www.actualidadadiario.com\/index.php\/wp-json\/wp\/v2\/posts\/114563\/revisions\/114565"}],"wp:featuredmedia":[{"embeddable":true,"href":"https:\/\/www.actualidadadiario.com\/index.php\/wp-json\/wp\/v2\/media\/114564"}],"wp:attachment":[{"href":"https:\/\/www.actualidadadiario.com\/index.php\/wp-json\/wp\/v2\/media?parent=114563"}],"wp:term":[{"taxonomy":"category","embeddable":true,"href":"https:\/\/www.actualidadadiario.com\/index.php\/wp-json\/wp\/v2\/categories?post=114563"},{"taxonomy":"post_tag","embeddable":true,"href":"https:\/\/www.actualidadadiario.com\/index.php\/wp-json\/wp\/v2\/tags?post=114563"}],"curies":[{"name":"wp","href":"https:\/\/api.w.org\/{rel}","templated":true}]}}