{"id":114557,"date":"2024-05-15T13:15:17","date_gmt":"2024-05-15T16:15:17","guid":{"rendered":"https:\/\/www.actualidadadiario.com\/?p=114557"},"modified":"2024-05-15T13:15:17","modified_gmt":"2024-05-15T16:15:17","slug":"cada-vez-mas-paises-europeos-quieren-reconocer-a-palestina","status":"publish","type":"post","link":"https:\/\/www.actualidadadiario.com\/index.php\/2024\/05\/15\/cada-vez-mas-paises-europeos-quieren-reconocer-a-palestina\/","title":{"rendered":"Cada vez m\u00e1s pa\u00edses europeos quieren reconocer a Palestina"},"content":{"rendered":"<p style=\"text-align: center;\"><em><strong>Espa\u00f1a e Irlanda, en particular, han impulsado una iniciativa para reconocer a Palestina como Estado. Otros pa\u00edses europeos est\u00e1n siguiendo su ejemplo<\/strong><\/em><\/p>\n<p>&nbsp;<\/p>\n<p>&nbsp;<\/p>\n<p>Al menos en el plano diplom\u00e1tico, es probable que mayo de 2024 pase a la historia palestina como un mes extraordinariamente exitoso: en una votaci\u00f3n, la Asamblea General de la ONU concedi\u00f3 a los palestinos derechos m\u00e1s amplios dentro de las Naciones Unidas. Lo \u00fanico que les falta para ser miembros plenos es el derecho a voto.<\/p>\n<p>Adem\u00e1s, cinco pa\u00edses europeos est\u00e1n a la espera de reconocer oficialmente a Palestina como Estado soberano. Por un lado, se trata de solidaridad con la poblaci\u00f3n civil de la Franja de Gaza. Por otro, la medida se considera una postura a favor de una soluci\u00f3n de dos Estados para el conflicto de Oriente Pr\u00f3ximo. El actual gobierno derechista de Israelrechaza cada vez m\u00e1s esta soluci\u00f3n.<\/p>\n<p>Tras el ataque terrorista de Ham\u00e1s contra Israel el 7 de octubre de 2023, el primer ministro Benjamin Netanyahu declar\u00f3 como objetivo de guerra la destrucci\u00f3n de dicha organizaci\u00f3n militante islamista palestina que gobierna la Franja de Gaza. Tambi\u00e9n quiere controlar el territorio palestino a largo plazo. Sin embargo, Israel est\u00e1 siendo objeto de una creciente presi\u00f3n internacional debido a su duro enfoque militar, que seg\u00fan cifras palestinas ya ha cobrado la vida de m\u00e1s de 35.000 civiles, y debido a la desastrosa situaci\u00f3n humanitaria en la Franja de Gaza.<\/p>\n<p>&nbsp;<\/p>\n<p><strong>Espa\u00f1a: \u00bfun mediador imparcial en Oriente Medio?<\/strong><\/p>\n<p>Espa\u00f1a e Irlanda, en particular, quieren ahora aumentar a\u00fan m\u00e1s esta presi\u00f3n reconociendo a Palestina. El presidente del Gobierno espa\u00f1ol, Pedro S\u00e1nchez, ha mantenido numerosas conversaciones con socios europeos en los \u00faltimos meses. Seg\u00fan los informes, inicialmente impuls\u00f3 el proyecto a nivel de la UE; debido al rechazo de Alemania y otros Estados, forj\u00f3 en su lugar una coalici\u00f3n de voluntarios. El representante de Asuntos Exteriores de la UE, Josep Borrell, tambi\u00e9n espa\u00f1ol, hizo p\u00fablicos los planes concretos de Espa\u00f1a, Irlanda y Eslovenia de reconocer a Palestina como Estado el 21 de mayo.<\/p>\n<p>Espa\u00f1a mantiene buenas relaciones con muchos Estados \u00e1rabes, especialmente los del Magreb, as\u00ed como con Turqu\u00eda. En parte, ha cultivado estos lazos desde la dictadura franquista (1939-1975); en los a\u00f1os posteriores a la Segunda Guerra Mundial, estos pa\u00edses salvaron al Estado del sur de Europa del aislamiento econ\u00f3mico y pol\u00edtico. Tras el fin de la dictadura franquista en 1975, Espa\u00f1a estableci\u00f3 relaciones econ\u00f3micas con Israel, y en 1986 tambi\u00e9n relaciones diplom\u00e1ticas. En los a\u00f1os siguientes, Espa\u00f1a se consolid\u00f3 como un respetado mediador entre el Estado jud\u00edo y el mundo \u00e1rabe.<\/p>\n<p>&nbsp;<\/p>\n<p><strong>Irlanda: Solidaridad por su propia historia<\/strong><\/p>\n<p>En Irlanda, la fuerte identificaci\u00f3n con Palestina se explica por la historia: comienza con el funcionario del gobierno brit\u00e1nico Arthur Balfour, que a finales del siglo XIX era responsable de Irlanda, colonizada por Gran Breta\u00f1a, y le negaba el autogobierno. En 1917, ya como ministro de Asuntos Exteriores brit\u00e1nico, emiti\u00f3 la llamada Declaraci\u00f3n Balfour, en la que se pronunciaba en nombre de su gobierno a favor de una patria jud\u00eda en la Palestina entonces controlada por los otomanos.<\/p>\n<p>La afluencia de jud\u00edos a Oriente Pr\u00f3ximo, de poblaci\u00f3n mayoritariamente musulmana, fue comparada en la cat\u00f3lica Irlanda con el asentamiento de protestantes brit\u00e1nicos en el norte de la isla. Algunos irlandeses asocian el conflicto resultante en Irlanda del Norte con el conflicto en Oriente Pr\u00f3ximo.<\/p>\n<p>&nbsp;<\/p>\n<p><strong>Respaldo de Eslovenia, Malta y Noruega<\/strong><\/p>\n<p>Eslovenia se ha mostrado partidaria de reconocer a Palestina a mediados de junio; sin embargo, seg\u00fan el representante de Asuntos Exteriores de la UE, Borrell, este pa\u00eds apoya ahora la fecha del 21 de mayo. Malta, miembro de la UE, tambi\u00e9n podr\u00eda actuar para entonces. En abril ya vot\u00f3 en el Consejo de Seguridad de la ONU a favor del pleno ingreso de Palestina a la ONU, que finalmente fracas\u00f3 debido al veto de Estados Unidos.<\/p>\n<p>Noruega, Estado de la OTAN estrechamente vinculado a la UE, estudia la posibilidad de reconocer a Palestina &#8220;en el transcurso de la primavera&#8221;. Seg\u00fan el ministro de Asuntos Exteriores, Espen Barth Eide, Oslo espera que este paso conduzca a un Estado palestino pol\u00edticamente unido en lugar de un &#8220;Estado de Ham\u00e1s&#8221;.<\/p>\n<p>&nbsp;<\/p>\n<p><strong>Diferentes posturas dentro de Europa<\/strong><\/p>\n<p>El primer y hasta ahora \u00fanico pa\u00eds en reconocer un Estado palestino tras su adhesi\u00f3n a la UE fue Suecia en 2014. Queda por ver si la coalici\u00f3n hispano-irlandesa lograr\u00e1 ampliarse a\u00fan m\u00e1s: En B\u00e9lgica, el Gobierno tiene dificultades con el calendario; Portugal ha dado marcha atr\u00e1s por el momento tras el cambio de poder a favor de un Gobierno conservador.<\/p>\n<p>Otros Estados, como Alemania, mantienen v\u00ednculos con la Autoridad Palestina, pero s\u00f3lo quieren reconocer un Estado cuando Israel haga lo mismo. Mientras Ham\u00e1s, clasificada como organizaci\u00f3n terrorista por numerosos Estados, entre ellos todos los miembros de la UE y Estados Unidos, siga siendo un factor de poder pol\u00edtico en los territorios palestinos, se considera que un paso as\u00ed est\u00e1 fuera de lugar.<\/p>\n","protected":false},"excerpt":{"rendered":"<p>Espa\u00f1a e Irlanda, en particular, han impulsado una iniciativa para reconocer a Palestina como Estado. Otros pa\u00edses europeos est\u00e1n siguiendo su ejemplo &nbsp; &nbsp; Al menos en el plano diplom\u00e1tico, es probable que mayo de 2024 pase a la historia palestina como un mes extraordinariamente exitoso: en una votaci\u00f3n, la Asamblea General de la ONU concedi\u00f3 a los palestinos derechos m\u00e1s amplios dentro de las Naciones Unidas. Lo \u00fanico que les falta para ser miembros plenos es el derecho a voto. Adem\u00e1s, cinco pa\u00edses europeos est\u00e1n a la espera de&#8230;<\/p>\n","protected":false},"author":3,"featured_media":114558,"comment_status":"closed","ping_status":"closed","sticky":false,"template":"","format":"standard","meta":[],"categories":[4],"tags":[],"_links":{"self":[{"href":"https:\/\/www.actualidadadiario.com\/index.php\/wp-json\/wp\/v2\/posts\/114557"}],"collection":[{"href":"https:\/\/www.actualidadadiario.com\/index.php\/wp-json\/wp\/v2\/posts"}],"about":[{"href":"https:\/\/www.actualidadadiario.com\/index.php\/wp-json\/wp\/v2\/types\/post"}],"author":[{"embeddable":true,"href":"https:\/\/www.actualidadadiario.com\/index.php\/wp-json\/wp\/v2\/users\/3"}],"replies":[{"embeddable":true,"href":"https:\/\/www.actualidadadiario.com\/index.php\/wp-json\/wp\/v2\/comments?post=114557"}],"version-history":[{"count":1,"href":"https:\/\/www.actualidadadiario.com\/index.php\/wp-json\/wp\/v2\/posts\/114557\/revisions"}],"predecessor-version":[{"id":114559,"href":"https:\/\/www.actualidadadiario.com\/index.php\/wp-json\/wp\/v2\/posts\/114557\/revisions\/114559"}],"wp:featuredmedia":[{"embeddable":true,"href":"https:\/\/www.actualidadadiario.com\/index.php\/wp-json\/wp\/v2\/media\/114558"}],"wp:attachment":[{"href":"https:\/\/www.actualidadadiario.com\/index.php\/wp-json\/wp\/v2\/media?parent=114557"}],"wp:term":[{"taxonomy":"category","embeddable":true,"href":"https:\/\/www.actualidadadiario.com\/index.php\/wp-json\/wp\/v2\/categories?post=114557"},{"taxonomy":"post_tag","embeddable":true,"href":"https:\/\/www.actualidadadiario.com\/index.php\/wp-json\/wp\/v2\/tags?post=114557"}],"curies":[{"name":"wp","href":"https:\/\/api.w.org\/{rel}","templated":true}]}}