{"id":114547,"date":"2024-05-15T12:57:46","date_gmt":"2024-05-15T15:57:46","guid":{"rendered":"https:\/\/www.actualidadadiario.com\/?p=114547"},"modified":"2024-05-15T12:57:46","modified_gmt":"2024-05-15T15:57:46","slug":"confirman-que-propondran-bajar-la-edad-de-imputabilidad-un-delito-de-adulto-merece-una-pena-de-adulto","status":"publish","type":"post","link":"https:\/\/www.actualidadadiario.com\/index.php\/2024\/05\/15\/confirman-que-propondran-bajar-la-edad-de-imputabilidad-un-delito-de-adulto-merece-una-pena-de-adulto\/","title":{"rendered":"Confirman que propondr\u00e1n bajar la edad de imputabilidad: &#8220;Un delito de adulto merece una pena de adulto&#8221;"},"content":{"rendered":"<p style=\"text-align: center;\"><em><strong>El jefe de Gabinete confirm\u00f3 que el Gobierno intentar\u00e1 que se avance con la baja de la edad de imputabilidad, que podr\u00eda ser menor incluso a los 14 a\u00f1os. Adem\u00e1s, ratific\u00f3 que presentar\u00e1n una ley anti-mafia<\/strong><\/em><\/p>\n<p>&nbsp;<\/p>\n<p>&nbsp;<\/p>\n<p>El jefe de Gabinete, Nicol\u00e1s Posse, confirm\u00f3 que el Gobierno intentar\u00e1 que se avance con la baja de la edad de imputabilidad, que podr\u00eda ser menor incluso a los 14 a\u00f1os. Adem\u00e1s, ratific\u00f3 que presentar\u00e1n una ley anti-mafia, como las que rigen en Estados Unidos e Italia.<\/p>\n<p>&#8220;Un delito de adulto merece una pena de adulto&#8221;, dijo Posse durante su exposici\u00f3n en el Senado, donde brind\u00f3 su primer informe de gesti\u00f3n.<\/p>\n<p>En las respuestas que mand\u00f3 previamente a los senadores, el Gobierno se explay\u00f3 sobre la cuesti\u00f3n: &#8220;El Ministerio de Justicia informa que el proyecto de ley sobre R\u00e9gimen Penal Juvenil reconoce el principio de especialidad. En este sentido se aclara que la organizaci\u00f3n del Poder Judicial es una atribuci\u00f3n propia de las provincias, que deber\u00e1n decidir sobre la creaci\u00f3n de un fuero especial juvenil&#8221;.<\/p>\n<p>&#8220;En el \u00e1mbito de la Justicia Federal y de la Justicia Nacional Ordinaria de la Ciudad Aut\u00f3noma de Buenos Aires, la sustanciaci\u00f3n de los procesos penales comprendidos en la ley, el control de las medidas y la ejecuci\u00f3n de las penas ser\u00e1n decididas por jueces, fiscales, defensores y \u00f3rganos de capacitaci\u00f3n especializada en el trato con j\u00f3venes en conflicto con la ley penal y con conocimiento de la Convenci\u00f3n sobre los Derechos del Ni\u00f1o, las normas internacionales, los pronunciamientos de la Corte Interamericana de Derechos Humanos, de la Corte Suprema de Justicia de la Naci\u00f3n y los tribunales superiores&#8221;, a\u00f1adi\u00f3.<\/p>\n<p>El proyecto prev\u00e9 &#8220;establecer que el adolescente sea alojado en un instituto especializado de detenci\u00f3n, que deber\u00e1 cumplir una serie de principios generales y de orden internacional y nacional respecto a la direcci\u00f3n del establecimiento, caracter\u00edsticas de la detenci\u00f3n, capacitaci\u00f3n del personal y contempla la separaci\u00f3n de personas detenidas mayores de edad&#8221;.<\/p>\n","protected":false},"excerpt":{"rendered":"<p>El jefe de Gabinete confirm\u00f3 que el Gobierno intentar\u00e1 que se avance con la baja de la edad de imputabilidad, que podr\u00eda ser menor incluso a los 14 a\u00f1os. Adem\u00e1s, ratific\u00f3 que presentar\u00e1n una ley anti-mafia &nbsp; &nbsp; El jefe de Gabinete, Nicol\u00e1s Posse, confirm\u00f3 que el Gobierno intentar\u00e1 que se avance con la baja de la edad de imputabilidad, que podr\u00eda ser menor incluso a los 14 a\u00f1os. Adem\u00e1s, ratific\u00f3 que presentar\u00e1n una ley anti-mafia, como las que rigen en Estados Unidos e Italia. &#8220;Un delito de adulto merece&#8230;<\/p>\n","protected":false},"author":3,"featured_media":114548,"comment_status":"closed","ping_status":"closed","sticky":false,"template":"","format":"standard","meta":[],"categories":[18],"tags":[],"_links":{"self":[{"href":"https:\/\/www.actualidadadiario.com\/index.php\/wp-json\/wp\/v2\/posts\/114547"}],"collection":[{"href":"https:\/\/www.actualidadadiario.com\/index.php\/wp-json\/wp\/v2\/posts"}],"about":[{"href":"https:\/\/www.actualidadadiario.com\/index.php\/wp-json\/wp\/v2\/types\/post"}],"author":[{"embeddable":true,"href":"https:\/\/www.actualidadadiario.com\/index.php\/wp-json\/wp\/v2\/users\/3"}],"replies":[{"embeddable":true,"href":"https:\/\/www.actualidadadiario.com\/index.php\/wp-json\/wp\/v2\/comments?post=114547"}],"version-history":[{"count":1,"href":"https:\/\/www.actualidadadiario.com\/index.php\/wp-json\/wp\/v2\/posts\/114547\/revisions"}],"predecessor-version":[{"id":114549,"href":"https:\/\/www.actualidadadiario.com\/index.php\/wp-json\/wp\/v2\/posts\/114547\/revisions\/114549"}],"wp:featuredmedia":[{"embeddable":true,"href":"https:\/\/www.actualidadadiario.com\/index.php\/wp-json\/wp\/v2\/media\/114548"}],"wp:attachment":[{"href":"https:\/\/www.actualidadadiario.com\/index.php\/wp-json\/wp\/v2\/media?parent=114547"}],"wp:term":[{"taxonomy":"category","embeddable":true,"href":"https:\/\/www.actualidadadiario.com\/index.php\/wp-json\/wp\/v2\/categories?post=114547"},{"taxonomy":"post_tag","embeddable":true,"href":"https:\/\/www.actualidadadiario.com\/index.php\/wp-json\/wp\/v2\/tags?post=114547"}],"curies":[{"name":"wp","href":"https:\/\/api.w.org\/{rel}","templated":true}]}}