{"id":114545,"date":"2024-05-15T12:56:19","date_gmt":"2024-05-15T15:56:19","guid":{"rendered":"https:\/\/www.actualidadadiario.com\/?p=114545"},"modified":"2024-05-15T12:56:19","modified_gmt":"2024-05-15T15:56:19","slug":"martin-menem-dijo-que-no-se-siente-comodo-con-la-prolongacion-del-tratamiento-de-la-ley-bases","status":"publish","type":"post","link":"https:\/\/www.actualidadadiario.com\/index.php\/2024\/05\/15\/martin-menem-dijo-que-no-se-siente-comodo-con-la-prolongacion-del-tratamiento-de-la-ley-bases\/","title":{"rendered":"Mart\u00edn Menem dijo que no se siente &#8220;c\u00f3modo&#8221; con la prolongaci\u00f3n del tratamiento de la Ley Bases"},"content":{"rendered":"<p style=\"text-align: center;\"><em><strong>El titular de la C\u00e1mara de Diputados prometi\u00f3 la sanci\u00f3n de la ley y celebr\u00f3 la baja de la inflaci\u00f3n<\/strong><\/em><\/p>\n<p>&nbsp;<\/p>\n<p>&nbsp;<\/p>\n<p>El titular de la C\u00e1mara de Diputados, Mart\u00edn Menem, asegur\u00f3 que no se siente &#8220;c\u00f3modo&#8221; con la prolongaci\u00f3n del tratamiento de la Ley Bases, a la vez que cuestion\u00f3 a los senadores por las demoras y dijo que la misma se va a sancionar &#8220;s\u00ed o s\u00ed&#8221;.<\/p>\n<p>&#8220;He escuchado decir a senadores que necesitan m\u00e1s tiempo, esta ley est\u00e1 sobre la mesa desde hace cinco meses&#8221;, indic\u00f3 el legislador en declaraciones La Naci\u00f3n +.<\/p>\n<p>\u201cUn comerciante que vive cerca de donde estoy parando me pregunta cosas de RIGI o de Ganancias, todo el mundo lo sabe\u201d, se jact\u00f3 el oficialista, y agreg\u00f3: \u201cLos senadores se est\u00e1n tomando m\u00e1s tiempo del que deber\u00edan porque es algo que conocen todos&#8221;<\/p>\n<p>Para Menem, &#8220;la ley va a salir s\u00ed o s\u00ed\u201d, y plante\u00f3 que la c\u00e1mara que preside, la de origen, analizar\u00e1 si acepta las modificaciones propuestas o insisten en el proyecto original que recibi\u00f3 media sanci\u00f3n.<\/p>\n<p>En otro pasaje de la entrevista, el riojano celebr\u00f3 la inflaci\u00f3n de abril que se ubic\u00f3 en 8,8% y destac\u00f3 la tarea del ministro de Econom\u00eda, Luis \u201cToto\u201d Caputo, y del titular del Banco Central de la Rep\u00fablica Argentina (BCRA), Santiago Bausili.<\/p>\n<p>\u201cPara que la econom\u00eda crezca, lo digo como emprendedor, necesitas estabilidad monetaria, pero no solucionas pol\u00edticas econ\u00f3micas\u201d, alert\u00f3, y sum\u00f3: \u201cLa inflaci\u00f3n est\u00e1 bajando, la tendencia est\u00e1 clara: 25% en diciembre, 20 en enero, 13 en marzo, 8 en abril, es algo que viene en pleno descenso y en la baja de tasas del Banco Central hace que los bancos empiecen a trabajar de bancos\u201d.<\/p>\n<p>\u201cYa hay oferta, vuelve el cr\u00e9dito, y el circulo virtuoso se empieza a reconfigurar. Con las leyes, esta vez va a ser mucho m\u00e1s r\u00e1pido\u201d, concluy\u00f3.<\/p>\n","protected":false},"excerpt":{"rendered":"<p>El titular de la C\u00e1mara de Diputados prometi\u00f3 la sanci\u00f3n de la ley y celebr\u00f3 la baja de la inflaci\u00f3n &nbsp; &nbsp; El titular de la C\u00e1mara de Diputados, Mart\u00edn Menem, asegur\u00f3 que no se siente &#8220;c\u00f3modo&#8221; con la prolongaci\u00f3n del tratamiento de la Ley Bases, a la vez que cuestion\u00f3 a los senadores por las demoras y dijo que la misma se va a sancionar &#8220;s\u00ed o s\u00ed&#8221;. &#8220;He escuchado decir a senadores que necesitan m\u00e1s tiempo, esta ley est\u00e1 sobre la mesa desde hace cinco meses&#8221;, indic\u00f3 el&#8230;<\/p>\n","protected":false},"author":3,"featured_media":113715,"comment_status":"closed","ping_status":"closed","sticky":false,"template":"","format":"standard","meta":[],"categories":[18],"tags":[],"_links":{"self":[{"href":"https:\/\/www.actualidadadiario.com\/index.php\/wp-json\/wp\/v2\/posts\/114545"}],"collection":[{"href":"https:\/\/www.actualidadadiario.com\/index.php\/wp-json\/wp\/v2\/posts"}],"about":[{"href":"https:\/\/www.actualidadadiario.com\/index.php\/wp-json\/wp\/v2\/types\/post"}],"author":[{"embeddable":true,"href":"https:\/\/www.actualidadadiario.com\/index.php\/wp-json\/wp\/v2\/users\/3"}],"replies":[{"embeddable":true,"href":"https:\/\/www.actualidadadiario.com\/index.php\/wp-json\/wp\/v2\/comments?post=114545"}],"version-history":[{"count":1,"href":"https:\/\/www.actualidadadiario.com\/index.php\/wp-json\/wp\/v2\/posts\/114545\/revisions"}],"predecessor-version":[{"id":114546,"href":"https:\/\/www.actualidadadiario.com\/index.php\/wp-json\/wp\/v2\/posts\/114545\/revisions\/114546"}],"wp:featuredmedia":[{"embeddable":true,"href":"https:\/\/www.actualidadadiario.com\/index.php\/wp-json\/wp\/v2\/media\/113715"}],"wp:attachment":[{"href":"https:\/\/www.actualidadadiario.com\/index.php\/wp-json\/wp\/v2\/media?parent=114545"}],"wp:term":[{"taxonomy":"category","embeddable":true,"href":"https:\/\/www.actualidadadiario.com\/index.php\/wp-json\/wp\/v2\/categories?post=114545"},{"taxonomy":"post_tag","embeddable":true,"href":"https:\/\/www.actualidadadiario.com\/index.php\/wp-json\/wp\/v2\/tags?post=114545"}],"curies":[{"name":"wp","href":"https:\/\/api.w.org\/{rel}","templated":true}]}}