{"id":114542,"date":"2024-05-15T12:55:39","date_gmt":"2024-05-15T15:55:39","guid":{"rendered":"https:\/\/www.actualidadadiario.com\/?p=114542"},"modified":"2024-05-15T12:55:39","modified_gmt":"2024-05-15T15:55:39","slug":"nueva-baja-en-el-gobierno-renuncio-el-segundo-de-cuneo-libarona-en-el-ministerio-de-justicia","status":"publish","type":"post","link":"https:\/\/www.actualidadadiario.com\/index.php\/2024\/05\/15\/nueva-baja-en-el-gobierno-renuncio-el-segundo-de-cuneo-libarona-en-el-ministerio-de-justicia\/","title":{"rendered":"Nueva baja en el Gobierno: renunci\u00f3 el segundo de C\u00faneo Libarona en el Ministerio de Justicia"},"content":{"rendered":"<p style=\"text-align: center;\"><em><strong>Se trata de Diego Guerendiain, de amistad con el titular de la cartera, que atribuy\u00f3 su dimisi\u00f3n a &#8220;cuestiones personales&#8221;<\/strong><\/em><\/p>\n<p>&nbsp;<\/p>\n<p>&nbsp;<\/p>\n<p>Diego Guerendiain present\u00f3 su renuncia como jefe de Gabinete del Ministerio de Justicia que conduce Mariano C\u00faneo Libarona y suma una nueva baja al Gobierno. Lo hizo a trav\u00e9s de los instrumentos legales, el pasado viernes 10, pero la solicitud entr\u00f3 en vigencia desde el 13 de mayo.<\/p>\n<p>El titular de la cartera se encuentra actualmente de viaje en Viena, Austia, con agenda propia donde destaca su participaci\u00f3n en una conferencia de las Naciones Unidas sobre las reformas del sistema judicial en la Argentina.<\/p>\n<p>Tras su asunci\u00f3n, C\u00faneo Libarona hab\u00eda impulsado el nombre de Guerendiain para desempe\u00f1arse como el representante del Poder Ejecutivo en el Consejo de la Magistratura, pero finalmente fue designado en el cargo el viceministro de Justicia, Sebasti\u00e1n Amerio, con fuerte apoyo del asesor presidencial Santiago Caputo.<\/p>\n<p>El exjefe de Gabinete -como varios exfuncionarios de la administraci\u00f3n libertaria- aleg\u00f3 \u201cmotivos personales\u201d, y dio un paso al costado del cargo.<\/p>\n<p>Las mismas fuentes desmintieron los trascendidos de disconformidad con su labor en el Ministerio de Justicia.<\/p>\n<p>De estrechos v\u00ednculos con C\u00faneo Libarona, el exfuncionario destac\u00f3 a trav\u00e9s de su carta de renuncia \u201cla amistad de m\u00e1s de 30 a\u00f1os\u201d con el ministro, motivos por los que asegura que acept\u00f3 el cargo, y \u201cla firme convicci\u00f3n en los objetivos, la transparencia y la responsabilidad con la que entendemos que debe encararse la funci\u00f3n p\u00fablica en esta \u00e1rea que tanta pasi\u00f3n nos genera\u201d.<\/p>\n<p>\u201cAprecio profundamente la oportunidad de trabajar con un equipo tan talentoso y dedicado, as\u00ed como la confianza que se me otorg\u00f3 para desempe\u00f1ar tan alta funci\u00f3n en el Ministerio\u201d, sostuvo adem\u00e1s, y agreg\u00f3: \u201cQuedo a disposici\u00f3n para colaborar en cualquier aspecto relacionado con la noble y honorable tarea que se ha propuesto y as\u00ed contribuir al cumplimiento de sus objetivos\u201d.<\/p>\n<p>A\u00fan no hay nombre para sucederlo en el cargo. Tampoco para cubrir sus tareas que por estos tiempos se concentraban en la b\u00fasqueda de apoyos en la C\u00e1mara de Senadores para los candidatos del presidente Javier Milei para la Corte Suprema, Ariel Lijo y Manuel Garc\u00eda-Mansilla.<\/p>\n","protected":false},"excerpt":{"rendered":"<p>Se trata de Diego Guerendiain, de amistad con el titular de la cartera, que atribuy\u00f3 su dimisi\u00f3n a &#8220;cuestiones personales&#8221; &nbsp; &nbsp; Diego Guerendiain present\u00f3 su renuncia como jefe de Gabinete del Ministerio de Justicia que conduce Mariano C\u00faneo Libarona y suma una nueva baja al Gobierno. Lo hizo a trav\u00e9s de los instrumentos legales, el pasado viernes 10, pero la solicitud entr\u00f3 en vigencia desde el 13 de mayo. El titular de la cartera se encuentra actualmente de viaje en Viena, Austia, con agenda propia donde destaca su participaci\u00f3n&#8230;<\/p>\n","protected":false},"author":3,"featured_media":114543,"comment_status":"closed","ping_status":"closed","sticky":false,"template":"","format":"standard","meta":[],"categories":[18],"tags":[],"_links":{"self":[{"href":"https:\/\/www.actualidadadiario.com\/index.php\/wp-json\/wp\/v2\/posts\/114542"}],"collection":[{"href":"https:\/\/www.actualidadadiario.com\/index.php\/wp-json\/wp\/v2\/posts"}],"about":[{"href":"https:\/\/www.actualidadadiario.com\/index.php\/wp-json\/wp\/v2\/types\/post"}],"author":[{"embeddable":true,"href":"https:\/\/www.actualidadadiario.com\/index.php\/wp-json\/wp\/v2\/users\/3"}],"replies":[{"embeddable":true,"href":"https:\/\/www.actualidadadiario.com\/index.php\/wp-json\/wp\/v2\/comments?post=114542"}],"version-history":[{"count":1,"href":"https:\/\/www.actualidadadiario.com\/index.php\/wp-json\/wp\/v2\/posts\/114542\/revisions"}],"predecessor-version":[{"id":114544,"href":"https:\/\/www.actualidadadiario.com\/index.php\/wp-json\/wp\/v2\/posts\/114542\/revisions\/114544"}],"wp:featuredmedia":[{"embeddable":true,"href":"https:\/\/www.actualidadadiario.com\/index.php\/wp-json\/wp\/v2\/media\/114543"}],"wp:attachment":[{"href":"https:\/\/www.actualidadadiario.com\/index.php\/wp-json\/wp\/v2\/media?parent=114542"}],"wp:term":[{"taxonomy":"category","embeddable":true,"href":"https:\/\/www.actualidadadiario.com\/index.php\/wp-json\/wp\/v2\/categories?post=114542"},{"taxonomy":"post_tag","embeddable":true,"href":"https:\/\/www.actualidadadiario.com\/index.php\/wp-json\/wp\/v2\/tags?post=114542"}],"curies":[{"name":"wp","href":"https:\/\/api.w.org\/{rel}","templated":true}]}}