{"id":114539,"date":"2024-05-15T12:50:38","date_gmt":"2024-05-15T15:50:38","guid":{"rendered":"https:\/\/www.actualidadadiario.com\/?p=114539"},"modified":"2024-05-15T12:54:07","modified_gmt":"2024-05-15T15:54:07","slug":"el-pj-nacional-aprobo-la-convocatoria-a-elecciones-internas-para-el-17-de-noviembre","status":"publish","type":"post","link":"https:\/\/www.actualidadadiario.com\/index.php\/2024\/05\/15\/el-pj-nacional-aprobo-la-convocatoria-a-elecciones-internas-para-el-17-de-noviembre\/","title":{"rendered":"El PJ nacional aprob\u00f3 la convocatoria a elecciones internas para el 17 de noviembre"},"content":{"rendered":"<p style=\"text-align: center;\"><em><strong>La votaci\u00f3n fue por unanimidad entre los 41 asistencias, algunos de manera presencial y otros por videollamada. Tambi\u00e9n se resolvi\u00f3 movilizar frente al Congreso el d\u00eda de la votaci\u00f3n de la Ley Bases en el Senado<\/strong><\/em><\/p>\n<p>&nbsp;<\/p>\n<p>&nbsp;<\/p>\n<p>El Consejo Nacional del Partido Justicialista (PJ) aprob\u00f3 por unanimidad la citaci\u00f3n a elecciones internas para el 17 de noviembre, inst\u00f3 a los senadores peronistas a votar en contra de la ley Bases y convoc\u00f3 a movilizar en la calle el d\u00eda en que esa iniciativa se trate en el recinto de la C\u00e1mara alta.<\/p>\n<p>Tambi\u00e9n se ratific\u00f3 el rechazo al DNU 70\/23 de desregulaci\u00f3n econ\u00f3mica del Gobierno y se defini\u00f3 avanzar en una amplia Mesa de Acci\u00f3n Pol\u00edtica para encarar la estrategia pol\u00edtica y electoral del peronismo de cara al 2025.<\/p>\n<p>El encuentro se llev\u00f3 a cabo en la sede partidaria de la calle Matheu 130, en momentos de dispersi\u00f3n del espacio y dificultades para encontrar un liderazgo.<\/p>\n<p>De acuerdo a lo que pudo averiguar la agencia Noticias Argentinas, asistieron en total 41 congresales, de los cuales 21 lo hicieron de forma presencial y los restantes veinte se sumaron por videollamada.<\/p>\n<p>&nbsp;<\/p>\n<p><strong>Qui\u00e9nes estuvieron presentes en el Consejo Nacional del PJ<\/strong><\/p>\n<p>Entre los presentes estuvieron los gobernadores Axel Kicillof (Buenos Aires), Gildo Insfr\u00e1n (Formosa) y Ricardo Quintela (La Rioja); los l\u00edderes de la CGT H\u00e9ctor Daer y Pablo Moyano; los diputados nacionales Santiago Cafiero y Hugo Yasky; el ex jefe de Gabinete Agust\u00edn Rossi; el ex ministro de Defensa Jorge Taiana; el intendente de La Matanza, Fernando Espinoza; y el senador nacional Eduardo &#8220;Wado&#8221; De Pedro.<\/p>\n<p>Tambi\u00e9n participaron los ex gobernadores Juan Manzur (Tucum\u00e1n), Jos\u00e9 Luis Gioja (San Juan), Sergio U\u00f1ac (San Juan) y Luc\u00eda Corpacci (Catamarca); el ex vicepresidente del Banco Naci\u00f3n Carlos Caserio; el titular del Suterh, V\u00edctor Santa Mar\u00eda; y la jefa de asesores del gobierno de Buenos Aires, Cristina \u00c1lvarez Rodr\u00edguez, entre otros.<\/p>\n<p>La fecha que eligi\u00f3 el PJ nacional para celebrar sus elecciones internas, el 17 de noviembre, es id\u00e9ntica a la que eligi\u00f3 el PJ bonaerense para la renovaci\u00f3n de sus autoridades, seg\u00fan comunic\u00f3 el jefe de ese espacio, M\u00e1ximo Kirchner.<\/p>\n<p>Actualmente, la conducci\u00f3n del \u00f3rgano partidario est\u00e1 a cargo de un cuerpo colegiado compuesto por sus cinco vicepresidentes, despu\u00e9s de que Alberto Fern\u00e1ndez efectivizara su renuncia poco tiempo atr\u00e1s.<\/p>\n<p>Se trata de \u00c1lvarez Rodr\u00edguez (Buenos Aires), Kicillof (Buenos Aires), Rach Quiroga (Chaco), Manzur (Tucum\u00e1n) y Corpacci (Catamarca).<\/p>\n<p>\u201cFalta mucho para el 17 de noviembre. No sabemos qui\u00e9nes ser\u00e1n los candidatos\u201d, admiti\u00f3 uno de los dirigentes del PJ que asisti\u00f3 al c\u00f3nclave.<\/p>\n","protected":false},"excerpt":{"rendered":"<p>La votaci\u00f3n fue por unanimidad entre los 41 asistencias, algunos de manera presencial y otros por videollamada. Tambi\u00e9n se resolvi\u00f3 movilizar frente al Congreso el d\u00eda de la votaci\u00f3n de la Ley Bases en el Senado &nbsp; &nbsp; El Consejo Nacional del Partido Justicialista (PJ) aprob\u00f3 por unanimidad la citaci\u00f3n a elecciones internas para el 17 de noviembre, inst\u00f3 a los senadores peronistas a votar en contra de la ley Bases y convoc\u00f3 a movilizar en la calle el d\u00eda en que esa iniciativa se trate en el recinto de&#8230;<\/p>\n","protected":false},"author":3,"featured_media":114540,"comment_status":"closed","ping_status":"closed","sticky":false,"template":"","format":"standard","meta":[],"categories":[18],"tags":[],"_links":{"self":[{"href":"https:\/\/www.actualidadadiario.com\/index.php\/wp-json\/wp\/v2\/posts\/114539"}],"collection":[{"href":"https:\/\/www.actualidadadiario.com\/index.php\/wp-json\/wp\/v2\/posts"}],"about":[{"href":"https:\/\/www.actualidadadiario.com\/index.php\/wp-json\/wp\/v2\/types\/post"}],"author":[{"embeddable":true,"href":"https:\/\/www.actualidadadiario.com\/index.php\/wp-json\/wp\/v2\/users\/3"}],"replies":[{"embeddable":true,"href":"https:\/\/www.actualidadadiario.com\/index.php\/wp-json\/wp\/v2\/comments?post=114539"}],"version-history":[{"count":1,"href":"https:\/\/www.actualidadadiario.com\/index.php\/wp-json\/wp\/v2\/posts\/114539\/revisions"}],"predecessor-version":[{"id":114541,"href":"https:\/\/www.actualidadadiario.com\/index.php\/wp-json\/wp\/v2\/posts\/114539\/revisions\/114541"}],"wp:featuredmedia":[{"embeddable":true,"href":"https:\/\/www.actualidadadiario.com\/index.php\/wp-json\/wp\/v2\/media\/114540"}],"wp:attachment":[{"href":"https:\/\/www.actualidadadiario.com\/index.php\/wp-json\/wp\/v2\/media?parent=114539"}],"wp:term":[{"taxonomy":"category","embeddable":true,"href":"https:\/\/www.actualidadadiario.com\/index.php\/wp-json\/wp\/v2\/categories?post=114539"},{"taxonomy":"post_tag","embeddable":true,"href":"https:\/\/www.actualidadadiario.com\/index.php\/wp-json\/wp\/v2\/tags?post=114539"}],"curies":[{"name":"wp","href":"https:\/\/api.w.org\/{rel}","templated":true}]}}