{"id":114536,"date":"2024-05-15T12:52:35","date_gmt":"2024-05-15T15:52:35","guid":{"rendered":"https:\/\/www.actualidadadiario.com\/?p=114536"},"modified":"2024-05-15T12:52:35","modified_gmt":"2024-05-15T15:52:35","slug":"memoria-activa-cruzo-a-milei-por-el-busto-de-menem-condenamos-este-acto-vergonzoso","status":"publish","type":"post","link":"https:\/\/www.actualidadadiario.com\/index.php\/2024\/05\/15\/memoria-activa-cruzo-a-milei-por-el-busto-de-menem-condenamos-este-acto-vergonzoso\/","title":{"rendered":"Memoria activa cruz\u00f3 a Milei por el busto de Menem: \u201cCondenamos este acto vergonzoso\u201d"},"content":{"rendered":"<p style=\"text-align: center;\"><em><strong>\u201cDurante a\u00f1os, lo querellamos por su evidente participaci\u00f3n en el desv\u00edo de la investigaci\u00f3n y posterior encubrimiento\u201d, marcaron<\/strong><\/em><\/p>\n<p>&nbsp;<\/p>\n<p>&nbsp;<\/p>\n<p>La agrupaci\u00f3n de familiares de v\u00edctimas del atentado contra la AMIA Memoria Activa consider\u00f3 que la colocaci\u00f3n del busto de Carlos Menem en la Casa Rosada es \u201cun acto de conmemoraci\u00f3n de la impunidad\u201d.<\/p>\n<p>Mediante posteos en las redes sociales, la organizaci\u00f3n conden\u00f3 el homenaje que le realiz\u00f3 en la v\u00edspera el gobierno de Javier Milei, quien incluso se emocion\u00f3 al leer un discurso durante el acto.<\/p>\n<p>\u201cEl busto de Menem, un acto de conmemoraci\u00f3n de la impunidad\u201d, encabez\u00f3 el posteo Memoria Activa.<\/p>\n<p>\u201cCondenamos este vergonzoso acto respecto del responsable de no prevenir ni asumir su responsabilidad pol\u00edtica para que se investiguen seriamente los atentados en la Embajada de Israel y la AMIA, y se llegue a la verdad\u201d, sostiene el texto.<\/p>\n<p>\u201cDurante a\u00f1os, lo querellamos por su evidente participaci\u00f3n en el desv\u00edo de la investigaci\u00f3n y posterior encubrimiento\u201d, recordaron.<\/p>\n<p>En ese contexto, la agrupaci\u00f3n reflexion\u00f3 que \u201cparece que no alcanza con que haya muerto impune y ahora se lo reivindica, cuando es uno de los mayores responsables de que hoy no tengamos ni verdad ni justicia\u201d.<\/p>\n<p>En similar sentido se pronunci\u00f3, tambi\u00e9n en redes sociales, Antonella Menem, nieta del ex presidente e hija de Carlos Menem Jr., tambi\u00e9n fallecido.<\/p>\n<p>Antonella Menem se pregunt\u00f3 \u201csi est\u00e1n de acuerdo (con el homenaje) los familiares de R\u00edo Tercero, la embajada de Israel o la AMIA\u201d.<\/p>\n<p>\u201cCreo que es una falta de respeto para los que no tuvieron justicia. Muchos o todos culpan a mi abuelo, entonces que hagan esto es seguir echando le\u00f1a al fuego y generan m\u00e1s mal a las personas que hoy en d\u00eda siguen sufriendo la p\u00e9rdida\u201d.<\/p>\n","protected":false},"excerpt":{"rendered":"<p>\u201cDurante a\u00f1os, lo querellamos por su evidente participaci\u00f3n en el desv\u00edo de la investigaci\u00f3n y posterior encubrimiento\u201d, marcaron &nbsp; &nbsp; La agrupaci\u00f3n de familiares de v\u00edctimas del atentado contra la AMIA Memoria Activa consider\u00f3 que la colocaci\u00f3n del busto de Carlos Menem en la Casa Rosada es \u201cun acto de conmemoraci\u00f3n de la impunidad\u201d. Mediante posteos en las redes sociales, la organizaci\u00f3n conden\u00f3 el homenaje que le realiz\u00f3 en la v\u00edspera el gobierno de Javier Milei, quien incluso se emocion\u00f3 al leer un discurso durante el acto. \u201cEl busto de&#8230;<\/p>\n","protected":false},"author":3,"featured_media":114537,"comment_status":"closed","ping_status":"closed","sticky":false,"template":"","format":"standard","meta":[],"categories":[18],"tags":[],"_links":{"self":[{"href":"https:\/\/www.actualidadadiario.com\/index.php\/wp-json\/wp\/v2\/posts\/114536"}],"collection":[{"href":"https:\/\/www.actualidadadiario.com\/index.php\/wp-json\/wp\/v2\/posts"}],"about":[{"href":"https:\/\/www.actualidadadiario.com\/index.php\/wp-json\/wp\/v2\/types\/post"}],"author":[{"embeddable":true,"href":"https:\/\/www.actualidadadiario.com\/index.php\/wp-json\/wp\/v2\/users\/3"}],"replies":[{"embeddable":true,"href":"https:\/\/www.actualidadadiario.com\/index.php\/wp-json\/wp\/v2\/comments?post=114536"}],"version-history":[{"count":1,"href":"https:\/\/www.actualidadadiario.com\/index.php\/wp-json\/wp\/v2\/posts\/114536\/revisions"}],"predecessor-version":[{"id":114538,"href":"https:\/\/www.actualidadadiario.com\/index.php\/wp-json\/wp\/v2\/posts\/114536\/revisions\/114538"}],"wp:featuredmedia":[{"embeddable":true,"href":"https:\/\/www.actualidadadiario.com\/index.php\/wp-json\/wp\/v2\/media\/114537"}],"wp:attachment":[{"href":"https:\/\/www.actualidadadiario.com\/index.php\/wp-json\/wp\/v2\/media?parent=114536"}],"wp:term":[{"taxonomy":"category","embeddable":true,"href":"https:\/\/www.actualidadadiario.com\/index.php\/wp-json\/wp\/v2\/categories?post=114536"},{"taxonomy":"post_tag","embeddable":true,"href":"https:\/\/www.actualidadadiario.com\/index.php\/wp-json\/wp\/v2\/tags?post=114536"}],"curies":[{"name":"wp","href":"https:\/\/api.w.org\/{rel}","templated":true}]}}