{"id":114518,"date":"2024-05-15T12:09:53","date_gmt":"2024-05-15T15:09:53","guid":{"rendered":"https:\/\/www.actualidadadiario.com\/?p=114518"},"modified":"2024-05-15T12:09:53","modified_gmt":"2024-05-15T15:09:53","slug":"pese-a-la-promesa-de-aumentar-el-presupuesto-de-universidades-no-hubo-anuncios-de-plazos-ni-montos","status":"publish","type":"post","link":"https:\/\/www.actualidadadiario.com\/index.php\/2024\/05\/15\/pese-a-la-promesa-de-aumentar-el-presupuesto-de-universidades-no-hubo-anuncios-de-plazos-ni-montos\/","title":{"rendered":"Pese a la promesa de aumentar el presupuesto de Universidades no hubo anuncios de plazos ni montos"},"content":{"rendered":"<p style=\"text-align: center;\"><em><strong>El secretario de Educaci\u00f3n, Carlos Torrendell, expuso ante la comisi\u00f3n de Educaci\u00f3n de la C\u00e1mara de Diputados. Advirti\u00f3 que el Poder Ejecutivo no est\u00e1 en condiciones de trazar un horizonte de previsibilidad presupuestaria para lo que resta del a\u00f1o y solo se otorgar\u00e1n aumentos a cuentagotas<\/strong><\/em><\/p>\n<p>&nbsp;<\/p>\n<p>&nbsp;<\/p>\n<p>El Gobierno reconoci\u00f3 este martes que habr\u00e1 aumentos para las universidades p\u00fablicas. Lo hizo a trav\u00e9s de su secretario de Educaci\u00f3n, Carlos Torrendell, quien expuso ante la comisi\u00f3n de Educaci\u00f3n de la C\u00e1mara de Diputados, aunque evit\u00f3 dar mayores detalles sobre cu\u00e1les ser\u00e1n los nuevos montos y los plazos en que se girar\u00e1n. Torrendell ratific\u00f3 que este mes se aplicar\u00e1 una nueva suba del 70% sobre los gastos de funcionamiento, la segunda en tres meses, luego de la hist\u00f3rica marcha universitaria del mes pasado contra el desfinanciamiento del sector.<\/p>\n<p>El funcionario plante\u00f3 que su cartera no est\u00e1 en condiciones de trazar un horizonte de previsibilidad presupuestaria para lo que queda del a\u00f1o -como exigen las universidades- y que el Gobierno solo otorgar\u00e1 aumentos a cuentagotas. &#8220;Se\u00f1ores diputados, dependemos que ustedes sancionen una ley que nos d\u00e9 previsi\u00f3n presupuestaria de aqu\u00ed a fin de a\u00f1o. Estamos en una situaci\u00f3n de emergencia&#8221;, sostuvieron los rectores presentes en la comisi\u00f3n, luego de que Torrendell se retirara.<\/p>\n<p>Previamente, el funcionario hab\u00eda dicho que se est\u00e1 &#8220;progresivamente aumentando el presupuesto, no de la forma deseada, pero s\u00ed de la forma posible y responsable&#8221;. Varios bloques opositores ven posible avanzar en breve en un dictamen que establezca una ampliaci\u00f3n presupuestaria para lo que resta del a\u00f1o, si el Poder Ejecutivo no garantiza dar mayores garant\u00edas.<\/p>\n<p>Los rectores universitarios recordaron que en los primeros cinco meses las universidades ya agotaron sus respectivos presupuestos anuales para cubrir los gastos corrientes. &#8220;Esta situaci\u00f3n no da para m\u00e1s. Tenemos que dictaminar de inmediato&#8221;, plante\u00f3 Germ\u00e1n Mart\u00ednez, jefe del bloque de Uni\u00f3n por la Patria, buscando apurar lo que podr\u00eda suceder la semana pr\u00f3xima.<\/p>\n<p>&#8220;Entiendo la urgencia, pero cuando hablamos de previsibilidad debemos ser honestos a la hora de reclamarla ya que en a\u00f1os anteriores nadie hizo ese planteo. La autonom\u00eda universitaria no debe ser un coto sagrado sobre el cual no se rinden cuentas. Es leg\u00edtimo que se estudie el financiamiento, pero tambi\u00e9n es leg\u00edtimo el reclamo de la ciudadan\u00eda sobre c\u00f3mo se gastan esos gastos p\u00fablicos&#8221;, lo cruz\u00f3 el diputado libertario Nicol\u00e1s Mayoraz.<\/p>\n","protected":false},"excerpt":{"rendered":"<p>El secretario de Educaci\u00f3n, Carlos Torrendell, expuso ante la comisi\u00f3n de Educaci\u00f3n de la C\u00e1mara de Diputados. Advirti\u00f3 que el Poder Ejecutivo no est\u00e1 en condiciones de trazar un horizonte de previsibilidad presupuestaria para lo que resta del a\u00f1o y solo se otorgar\u00e1n aumentos a cuentagotas &nbsp; &nbsp; El Gobierno reconoci\u00f3 este martes que habr\u00e1 aumentos para las universidades p\u00fablicas. Lo hizo a trav\u00e9s de su secretario de Educaci\u00f3n, Carlos Torrendell, quien expuso ante la comisi\u00f3n de Educaci\u00f3n de la C\u00e1mara de Diputados, aunque evit\u00f3 dar mayores detalles sobre cu\u00e1les&#8230;<\/p>\n","protected":false},"author":3,"featured_media":114519,"comment_status":"closed","ping_status":"closed","sticky":false,"template":"","format":"standard","meta":[],"categories":[2],"tags":[],"_links":{"self":[{"href":"https:\/\/www.actualidadadiario.com\/index.php\/wp-json\/wp\/v2\/posts\/114518"}],"collection":[{"href":"https:\/\/www.actualidadadiario.com\/index.php\/wp-json\/wp\/v2\/posts"}],"about":[{"href":"https:\/\/www.actualidadadiario.com\/index.php\/wp-json\/wp\/v2\/types\/post"}],"author":[{"embeddable":true,"href":"https:\/\/www.actualidadadiario.com\/index.php\/wp-json\/wp\/v2\/users\/3"}],"replies":[{"embeddable":true,"href":"https:\/\/www.actualidadadiario.com\/index.php\/wp-json\/wp\/v2\/comments?post=114518"}],"version-history":[{"count":1,"href":"https:\/\/www.actualidadadiario.com\/index.php\/wp-json\/wp\/v2\/posts\/114518\/revisions"}],"predecessor-version":[{"id":114520,"href":"https:\/\/www.actualidadadiario.com\/index.php\/wp-json\/wp\/v2\/posts\/114518\/revisions\/114520"}],"wp:featuredmedia":[{"embeddable":true,"href":"https:\/\/www.actualidadadiario.com\/index.php\/wp-json\/wp\/v2\/media\/114519"}],"wp:attachment":[{"href":"https:\/\/www.actualidadadiario.com\/index.php\/wp-json\/wp\/v2\/media?parent=114518"}],"wp:term":[{"taxonomy":"category","embeddable":true,"href":"https:\/\/www.actualidadadiario.com\/index.php\/wp-json\/wp\/v2\/categories?post=114518"},{"taxonomy":"post_tag","embeddable":true,"href":"https:\/\/www.actualidadadiario.com\/index.php\/wp-json\/wp\/v2\/tags?post=114518"}],"curies":[{"name":"wp","href":"https:\/\/api.w.org\/{rel}","templated":true}]}}