{"id":114513,"date":"2024-05-15T12:07:26","date_gmt":"2024-05-15T15:07:26","guid":{"rendered":"https:\/\/www.actualidadadiario.com\/?p=114513"},"modified":"2024-05-15T12:07:26","modified_gmt":"2024-05-15T15:07:26","slug":"cuales-fueron-los-rubros-con-mayores-y-menores-aumentos-en-la-inflacion-de-abril","status":"publish","type":"post","link":"https:\/\/www.actualidadadiario.com\/index.php\/2024\/05\/15\/cuales-fueron-los-rubros-con-mayores-y-menores-aumentos-en-la-inflacion-de-abril\/","title":{"rendered":"Cu\u00e1les fueron los rubros con mayores y menores aumentos en la inflaci\u00f3n de abril"},"content":{"rendered":"<p style=\"text-align: center;\"><em><strong>La inflaci\u00f3n fue de 8,8% pero algunos rubros corrieron al 35% y otros al 5%. \u00bfPor qu\u00e9 el Gobierno celebra la inflaci\u00f3n n\u00facleo?<\/strong><\/em><\/p>\n<p>&nbsp;<\/p>\n<p>&nbsp;<\/p>\n<p>La inflaci\u00f3n de abril fue del 8,8%. Fue la primera de un d\u00edgito desde octubre del a\u00f1o pasado y fue celebrada por el gobierno de Javier Milei. En los \u00faltimos 12 meses acumula 289,4% y viene evitando marcar en la estad\u00edstica una interanual de 300%.<\/p>\n<p>La noticia alegr\u00f3 y tranquiliz\u00f3 tambi\u00e9n en Econom\u00eda y desde el Palacio de Hacienda pusieron el foco en la inflaci\u00f3n n\u00facleo, que fue del 6,3% \u201cel dato m\u00e1s bajo desde enero de 2023\u201d, destacaron.<\/p>\n<p>Claro que la inflaci\u00f3n n\u00facleo no tiene en cuenta, entre otras cosas, las variaciones estacionales ni los precios de los servicios p\u00fablicos (regulados). Por lo que no le afectan el reacomodamiento de los precios relativos en los servicios de luz, gas y agua, que adem\u00e1s en mayo fueron pospuestos para m\u00e1s adelante. Con lo cual, tambi\u00e9n se espera que en mayo se consolide la baja del \u00edndice veremos en cuanto m\u00e1s.<\/p>\n<p>Algo de esto ven\u00eda anticipando el ministro de Econom\u00eda, Luis Caputo, en los relevamientos propios y preliminares que hacen desde Hacienda.\u00a0 Hace 15 d\u00edas, en un encuentro con la Fundaci\u00f3n Mediterr\u00e1nea, dijo que \u201ceste mes la inflaci\u00f3n n\u00facleo va a sorprender a m\u00e1s de uno\u201d y que \u201cla baja iba a continuar en mayo\u201d.<\/p>\n<p>Pero al observar las divisiones, podemos comprender mejor porqu\u00e9 el Gobierno busca \u201csubirle el precio\u201d a la inflaci\u00f3n n\u00facleo.<\/p>\n<p>La divisi\u00f3n de mayor aumento en el mes fue Vivienda, agua, electricidad, gas y otros combustibles (35,6%), debido a los incrementos en las tarifas de gas, agua y electricidad. Le siguieron Comunicaci\u00f3n (14,2%), por las subas en servicios de telefon\u00eda e internet, y Prendas de vestir y calzado (9,6%), por cambios de temporada. Por \u00faltimo por encima del \u00edndice general qued\u00f3 Salud (9,1%), con el conflicto en medio de las prepagas.<\/p>\n<p>Por el contrario,\u00a0 rubros que ven\u00edan \u201cpasados\u201d con la inflaci\u00f3n pegaron un freno fuerte en abril tambi\u00e9n v\u00edctimas de la ca\u00edda del consumo y de lo perecedero de sus bienes. Bebidas alcoh\u00f3licas y tabaco (5,5%), Bienes y servicios varios (5,7%) y Alimentos y bebidas no alcoh\u00f3licas con una variaci\u00f3n del 6%. Por el peso espec\u00edfico de los rubros de alimentaci\u00f3n dentro del \u00edndice hizo un buen contrapeso con el fuerte aumento de las tarifas.<\/p>\n<p>Por encima de la inflaci\u00f3n nacional tambi\u00e9n estuvo Educaci\u00f3n, con el 8,6%. Por debajo de ese nivel quedaron Restaurantes y hoteles (7,3%), Recreaci\u00f3n y cultura (7,1%), Equipamiento y mantenimiento del hogar (6,5%), todos rubros impactados por la recesi\u00f3n, el freno de la econom\u00eda y un menor poder adquisitivo general.<\/p>\n<p>Transporte subi\u00f3 6,3% y fue uno de los rubros que pospuso los aumentos en sus tarifas.<\/p>\n<p>En lo que va del a\u00f1o, la divisi\u00f3n que m\u00e1s aument\u00f3 fue Vivienda, agua, electricidad, gas y otros combustibles (110,5%), seguida por Comunicaci\u00f3n (106,5%). Dos rubros con fuertes desregulaciones y actualizaciones de precios.<\/p>\n<p>En lo que respecta a alimentos y bebidas, a diferencia de otros meses, no hubo tanta volatilidad en las variaciones de precios en general. Las mayores subas y bajas se dieron en productos estacionales como el tomate redondo x kilo, que aument\u00f3 un 72% o la lechuga que baj\u00f3 un 26,6%.<\/p>\n<p>Veremos en mayo, cuanto m\u00e1s puede llegar a bajar la inflaci\u00f3n, y si eso es perdurable en el tiempo, ya que las correcciones de tarifas pospuestas en mayo, deber\u00e1n ocurrir tarde o temprano.<\/p>\n<p>Los conflictos con las empresas de colectivos y la UTA, donde impacta el boleto de colectivo, o con las deudas de Cammesa y las generadoras de energ\u00eda, donde falta a\u00fan actualizar taridas, est\u00e1n sobre la mesa.<\/p>\n","protected":false},"excerpt":{"rendered":"<p>La inflaci\u00f3n fue de 8,8% pero algunos rubros corrieron al 35% y otros al 5%. \u00bfPor qu\u00e9 el Gobierno celebra la inflaci\u00f3n n\u00facleo? &nbsp; &nbsp; La inflaci\u00f3n de abril fue del 8,8%. Fue la primera de un d\u00edgito desde octubre del a\u00f1o pasado y fue celebrada por el gobierno de Javier Milei. En los \u00faltimos 12 meses acumula 289,4% y viene evitando marcar en la estad\u00edstica una interanual de 300%. La noticia alegr\u00f3 y tranquiliz\u00f3 tambi\u00e9n en Econom\u00eda y desde el Palacio de Hacienda pusieron el foco en la inflaci\u00f3n&#8230;<\/p>\n","protected":false},"author":3,"featured_media":104540,"comment_status":"closed","ping_status":"closed","sticky":false,"template":"","format":"standard","meta":[],"categories":[9],"tags":[],"_links":{"self":[{"href":"https:\/\/www.actualidadadiario.com\/index.php\/wp-json\/wp\/v2\/posts\/114513"}],"collection":[{"href":"https:\/\/www.actualidadadiario.com\/index.php\/wp-json\/wp\/v2\/posts"}],"about":[{"href":"https:\/\/www.actualidadadiario.com\/index.php\/wp-json\/wp\/v2\/types\/post"}],"author":[{"embeddable":true,"href":"https:\/\/www.actualidadadiario.com\/index.php\/wp-json\/wp\/v2\/users\/3"}],"replies":[{"embeddable":true,"href":"https:\/\/www.actualidadadiario.com\/index.php\/wp-json\/wp\/v2\/comments?post=114513"}],"version-history":[{"count":1,"href":"https:\/\/www.actualidadadiario.com\/index.php\/wp-json\/wp\/v2\/posts\/114513\/revisions"}],"predecessor-version":[{"id":114514,"href":"https:\/\/www.actualidadadiario.com\/index.php\/wp-json\/wp\/v2\/posts\/114513\/revisions\/114514"}],"wp:featuredmedia":[{"embeddable":true,"href":"https:\/\/www.actualidadadiario.com\/index.php\/wp-json\/wp\/v2\/media\/104540"}],"wp:attachment":[{"href":"https:\/\/www.actualidadadiario.com\/index.php\/wp-json\/wp\/v2\/media?parent=114513"}],"wp:term":[{"taxonomy":"category","embeddable":true,"href":"https:\/\/www.actualidadadiario.com\/index.php\/wp-json\/wp\/v2\/categories?post=114513"},{"taxonomy":"post_tag","embeddable":true,"href":"https:\/\/www.actualidadadiario.com\/index.php\/wp-json\/wp\/v2\/tags?post=114513"}],"curies":[{"name":"wp","href":"https:\/\/api.w.org\/{rel}","templated":true}]}}