{"id":114511,"date":"2024-05-15T12:06:54","date_gmt":"2024-05-15T15:06:54","guid":{"rendered":"https:\/\/www.actualidadadiario.com\/?p=114511"},"modified":"2024-05-15T12:06:54","modified_gmt":"2024-05-15T15:06:54","slug":"el-empleo-tuvo-la-peor-caida-para-un-mes-de-marzo-desde-2002-similar-a-la-cuarentena","status":"publish","type":"post","link":"https:\/\/www.actualidadadiario.com\/index.php\/2024\/05\/15\/el-empleo-tuvo-la-peor-caida-para-un-mes-de-marzo-desde-2002-similar-a-la-cuarentena\/","title":{"rendered":"El empleo tuvo la peor ca\u00edda para un mes de marzo desde 2002, similar a la cuarentena"},"content":{"rendered":"<p style=\"text-align: center;\"><em><strong>Registr\u00f3 una ca\u00edda en marzo de 0,5%, un retroceso que no se ve\u00eda desde la cuarentena contra el Covid, que congel\u00f3 casi todas las actividades productivas por el aislamiento obligatorio. El dato, adem\u00e1s, coloca a las consecuencias de Milei en l\u00ednea con 2002<\/strong><\/em><\/p>\n<p>&nbsp;<\/p>\n<p>&nbsp;<\/p>\n<p>En los cinco meses que van de Gobierno de Milei, el libertario logr\u00f3 igualar los n\u00fameros del Covid en materia de empleo. Seg\u00fan la encuesta del ente oficial, con esta variaci\u00f3n se verifica cuatro meses consecutivos de ca\u00edda neta del empleo y se acumula entre noviembre de 2023 y marzo de 2024, arrojando una reducci\u00f3n de 1,4 %. S\u00f3lo entre noviembre y febrero, en cantidad de trabajadores y trabajadoras registrados, se destruyeron 63.000 puestos (aunque si se toman tercerizados e informales y las cifras de marzo, el desplome fue exponencialmente mayor).<\/p>\n<p>\u201cEn relaci\u00f3n a los meses de marzo de los a\u00f1os anteriores, se observa la mayor ca\u00edda del empleo desde marzo de 2002 y se registraron valores similares en dos momentos de crisis econ\u00f3mica, marzo de 2009 y marzo de 2020 con la pandemia. En t\u00e9rminos interanuales, el nivel de empleo asalariado registrado decrece 0,6 %\u201d, se\u00f1al\u00f3 el informe de la Secretar\u00eda que conduce Juan Cordero. Por su parte, el nivel de demanda laboral registra, desde que se inici\u00f3 la serie (2007) su nivel en t\u00e9rminos de b\u00fasquedas laborales m\u00e1s bajo desde la pandemia.<\/p>\n<p>&nbsp;<\/p>\n<p><strong>Por actividades<\/strong><\/p>\n<p>En marzo, todas las ramas de actividad experimentaron contracci\u00f3n, siendo el sector de la construcci\u00f3n el que present\u00f3 la mayor ca\u00edda mensual del empleo, con un 2,4 % y acumula un 13,5 % interanual. Esto se explica por la decisi\u00f3n oficial de frenar todas las obras p\u00fablicas, la cuales no pudieron ser compensadas por privados que vieron licuados sus ingresos.\u00a0 El resto de los sectores presentaron descensos mensuales m\u00e1s moderados y mantienen crecimiento interanual.<\/p>\n<p>La retracci\u00f3n mensual en el nivel de empleo registrado privado se registra en las empresas de todos los tama\u00f1os, con variaciones negativas de 0,5 % en las empresas peque\u00f1as y medias y de 0,6 % en las de m\u00e1s de 200 personas ocupadas. En t\u00e9rminos interanuales la contracci\u00f3n del empleo se concentra en las empresas medianas y peque\u00f1as que alcanzaron una ca\u00edda de 1 %.<\/p>\n<p>\u201cLa tasa de incorporaci\u00f3n de personal se mantuvo con relaci\u00f3n al mes pasado en un valor (1,6) que resulta muy bajo en t\u00e9rminos hist\u00f3ricos, s\u00f3lo en marzo de 2001 (1,5) y en marzo de 2020 (1,4) por influencia de la pandemia, las incorporaciones tuvieron un nivel inferior al actual. En t\u00e9rminos anuales la tasa de entrada tuvo una contracci\u00f3n de 1,1 puntos porcentuales. Por su parte, la tasa de desvinculaci\u00f3n de personal (2,1) muestra un leve ascenso con relaci\u00f3n al pasado mes de febrero (1,9) y una ca\u00edda en relaci\u00f3n con el mismo mes del a\u00f1o anterior (2,6).<\/p>\n<p>\u201cEn los meses de marzo, tanto las incorporaciones como las desvinculaciones presentan una estacionalidad positiva, es decir que habitualmente en los meses de marzo tanto la tasa de entrada como la de salida muestran aumentos significativos en relaci\u00f3n a febrero. En consecuencia, el comportamiento de las incorporaciones y desvinculaciones de personal observado en marzo de 2024 resulta el habitual en contextos de ca\u00edda de la actividad econ\u00f3mica\u201d, se\u00f1ala Trabajo.<\/p>\n<p>&nbsp;<\/p>\n<p><strong>Demanda laboral<\/strong><\/p>\n<p>La demanda laboral, expresada en la tasa de b\u00fasqueda, result\u00f3 en marzo de 2024 similar a la del mes anterior y muestra un nivel bajo en relaci\u00f3n con los meses de marzo de a\u00f1os anteriores. Considerando desde el inicio de la serie (2007), s\u00f3lo en el mes de marzo de 2020 con la influencia de la pandemia, se registra un nivel de b\u00fasquedas laborales apenas m\u00e1s bajo que el actual.<\/p>\n<p>La cantidad de puestos sin cubrir, representado en la tasa de no-cobertura, en cambio fue superior a la del mes pasado. El empleo suspendido si bien es mayor que el mes pasado, contin\u00faa exhibiendo valores inferiores a los de los a\u00f1os previos a la pandemia. La incidencia de los despidos sin causa en el empleo registrado privado en marzo de 2024 se increment\u00f3 levemente con respecto al mes anterior y, en relaci\u00f3n con marzo del a\u00f1o pasado tambi\u00e9n se observa un leve incremento.<\/p>\n<p>A pesar de la continuidad de la fase contractiva del empleo registrado privado las expectativas netas de las empresas en lo referente a la contrataci\u00f3n de personal para los pr\u00f3ximos tres meses plantean un escenario sin cambios, es escaso el porcentaje de empresas que esperan incrementar sus dotaciones al igual que el que espera disminuirla.<\/p>\n<p>Las expectativas netas de las empresas en lo referente a la contrataci\u00f3n de personal para los pr\u00f3ximos tres meses se ubican levemente por encima del 0 %, es decir que se vislumbra un escenario sin cambios, en el que un escaso porcentaje de empresas espera incrementar sus plantillas de personal y un porcentaje casi igual espera reducirlas. Este indicador surge de la diferencia entre la proporci\u00f3n de empresas que esperan aumentar sus dotaciones y aquellas que esperan disminuirla: el 4,1 % de las empresas declaran que har\u00e1n cambios en sus dotaciones en los pr\u00f3ximos tres meses (el 2,1 % espera aumentar la dotaci\u00f3n, y el 2 % estima que la reducir\u00e1).<\/p>\n","protected":false},"excerpt":{"rendered":"<p>Registr\u00f3 una ca\u00edda en marzo de 0,5%, un retroceso que no se ve\u00eda desde la cuarentena contra el Covid, que congel\u00f3 casi todas las actividades productivas por el aislamiento obligatorio. El dato, adem\u00e1s, coloca a las consecuencias de Milei en l\u00ednea con 2002 &nbsp; &nbsp; En los cinco meses que van de Gobierno de Milei, el libertario logr\u00f3 igualar los n\u00fameros del Covid en materia de empleo. Seg\u00fan la encuesta del ente oficial, con esta variaci\u00f3n se verifica cuatro meses consecutivos de ca\u00edda neta del empleo y se acumula entre&#8230;<\/p>\n","protected":false},"author":3,"featured_media":88278,"comment_status":"closed","ping_status":"closed","sticky":false,"template":"","format":"standard","meta":[],"categories":[9],"tags":[],"_links":{"self":[{"href":"https:\/\/www.actualidadadiario.com\/index.php\/wp-json\/wp\/v2\/posts\/114511"}],"collection":[{"href":"https:\/\/www.actualidadadiario.com\/index.php\/wp-json\/wp\/v2\/posts"}],"about":[{"href":"https:\/\/www.actualidadadiario.com\/index.php\/wp-json\/wp\/v2\/types\/post"}],"author":[{"embeddable":true,"href":"https:\/\/www.actualidadadiario.com\/index.php\/wp-json\/wp\/v2\/users\/3"}],"replies":[{"embeddable":true,"href":"https:\/\/www.actualidadadiario.com\/index.php\/wp-json\/wp\/v2\/comments?post=114511"}],"version-history":[{"count":1,"href":"https:\/\/www.actualidadadiario.com\/index.php\/wp-json\/wp\/v2\/posts\/114511\/revisions"}],"predecessor-version":[{"id":114512,"href":"https:\/\/www.actualidadadiario.com\/index.php\/wp-json\/wp\/v2\/posts\/114511\/revisions\/114512"}],"wp:featuredmedia":[{"embeddable":true,"href":"https:\/\/www.actualidadadiario.com\/index.php\/wp-json\/wp\/v2\/media\/88278"}],"wp:attachment":[{"href":"https:\/\/www.actualidadadiario.com\/index.php\/wp-json\/wp\/v2\/media?parent=114511"}],"wp:term":[{"taxonomy":"category","embeddable":true,"href":"https:\/\/www.actualidadadiario.com\/index.php\/wp-json\/wp\/v2\/categories?post=114511"},{"taxonomy":"post_tag","embeddable":true,"href":"https:\/\/www.actualidadadiario.com\/index.php\/wp-json\/wp\/v2\/tags?post=114511"}],"curies":[{"name":"wp","href":"https:\/\/api.w.org\/{rel}","templated":true}]}}