{"id":114502,"date":"2024-05-15T10:50:45","date_gmt":"2024-05-15T13:50:45","guid":{"rendered":"https:\/\/www.actualidadadiario.com\/?p=114502"},"modified":"2024-05-15T10:50:45","modified_gmt":"2024-05-15T13:50:45","slug":"convocan-a-las-familias-a-inscribirse-en-el-programa-de-acogimiento-transitorio-para-ninos-y-ninas","status":"publish","type":"post","link":"https:\/\/www.actualidadadiario.com\/index.php\/2024\/05\/15\/convocan-a-las-familias-a-inscribirse-en-el-programa-de-acogimiento-transitorio-para-ninos-y-ninas\/","title":{"rendered":"Convocan a las familias a inscribirse en el programa de acogimiento transitorio para ni\u00f1os y ni\u00f1as"},"content":{"rendered":"<p style=\"text-align: center;\"><em><strong>El programa \u201cFamilias de Abrigo\u201d se enfoca en asegurar el derecho a vivir en un entorno familiar durante la primera infancia. A partir de la solidaridad y el amor, las personas comparten su hogar de manera temporal con beb\u00e9s que esperan una resoluci\u00f3n judicial<\/strong><\/em><\/p>\n<p>&nbsp;<\/p>\n<p>&nbsp;<\/p>\n<p>Invitan a las familias a inscribirse en el programa de acogimiento transitorio para ni\u00f1os y ni\u00f1as<\/p>\n<p>En el d\u00eda internacional de las familias, el Consejo Provincial del Ni\u00f1o, el Adolescente y la Familia (CoPNAF) invita a las familias entrerrianas a inscribirse en este programa, cuyo objetivo es brindar a ni\u00f1os y ni\u00f1as de hasta dos a\u00f1os un ambiente familiar de cuidado, evitando su institucionalizaci\u00f3n.<\/p>\n<p>Desde el organismo se ofrece un proceso de monitoreo y una colaboraci\u00f3n financiera mensual para cubrir los gastos relacionados con la alimentaci\u00f3n, salud, educaci\u00f3n y recreaci\u00f3n del ni\u00f1o o ni\u00f1a.<\/p>\n<p>La medida de acogimiento no implica adopci\u00f3n, sino que se enfoca en la necesidad de ser familia para una persona en su etapa de crecimiento m\u00e1s vulnerable.<\/p>\n<p>Para inscribirse, es necesario ser mayor de 25 a\u00f1os, presentar DNI y cumplir con la documentaci\u00f3n requerida y el perfil que plantea el programa. Tambi\u00e9n es fundamental contar con tiempo y disponibilidad para asumir esta tarea solidaria.<\/p>\n<p>Quienes deseen postularse no pueden estar inscritos en el registro de adopci\u00f3n ni podr\u00e1n hacerlo despu\u00e9s de participar en el programa.<\/p>\n<p>&nbsp;<\/p>\n<p><strong>M\u00e1s informaci\u00f3n:<\/strong><\/p>\n<p>WhatsApp: 3435 35-0003.<\/p>\n<p>Presencial: de 7 a 14. Corrientes 190, Paran\u00e1.<\/p>\n<p>Correo electr\u00f3nico: copnaffamiliasdeabrigo@gmail.com<\/p>\n<p>&nbsp;<\/p>\n<p><strong>Contacto<\/strong><\/p>\n<p>Familias de Abrigo \/ Copnaf<\/p>\n<p>Domicilio: Corrientes 190 (de 7 a 14) &#8211; PARANA, PARANA<\/p>\n<p>Tel\u00e9fono: (WhatsApp) 3435 350003.<\/p>\n","protected":false},"excerpt":{"rendered":"<p>El programa \u201cFamilias de Abrigo\u201d se enfoca en asegurar el derecho a vivir en un entorno familiar durante la primera infancia. A partir de la solidaridad y el amor, las personas comparten su hogar de manera temporal con beb\u00e9s que esperan una resoluci\u00f3n judicial &nbsp; &nbsp; Invitan a las familias a inscribirse en el programa de acogimiento transitorio para ni\u00f1os y ni\u00f1as En el d\u00eda internacional de las familias, el Consejo Provincial del Ni\u00f1o, el Adolescente y la Familia (CoPNAF) invita a las familias entrerrianas a inscribirse en este programa,&#8230;<\/p>\n","protected":false},"author":3,"featured_media":114503,"comment_status":"closed","ping_status":"closed","sticky":false,"template":"","format":"standard","meta":[],"categories":[15],"tags":[],"_links":{"self":[{"href":"https:\/\/www.actualidadadiario.com\/index.php\/wp-json\/wp\/v2\/posts\/114502"}],"collection":[{"href":"https:\/\/www.actualidadadiario.com\/index.php\/wp-json\/wp\/v2\/posts"}],"about":[{"href":"https:\/\/www.actualidadadiario.com\/index.php\/wp-json\/wp\/v2\/types\/post"}],"author":[{"embeddable":true,"href":"https:\/\/www.actualidadadiario.com\/index.php\/wp-json\/wp\/v2\/users\/3"}],"replies":[{"embeddable":true,"href":"https:\/\/www.actualidadadiario.com\/index.php\/wp-json\/wp\/v2\/comments?post=114502"}],"version-history":[{"count":1,"href":"https:\/\/www.actualidadadiario.com\/index.php\/wp-json\/wp\/v2\/posts\/114502\/revisions"}],"predecessor-version":[{"id":114504,"href":"https:\/\/www.actualidadadiario.com\/index.php\/wp-json\/wp\/v2\/posts\/114502\/revisions\/114504"}],"wp:featuredmedia":[{"embeddable":true,"href":"https:\/\/www.actualidadadiario.com\/index.php\/wp-json\/wp\/v2\/media\/114503"}],"wp:attachment":[{"href":"https:\/\/www.actualidadadiario.com\/index.php\/wp-json\/wp\/v2\/media?parent=114502"}],"wp:term":[{"taxonomy":"category","embeddable":true,"href":"https:\/\/www.actualidadadiario.com\/index.php\/wp-json\/wp\/v2\/categories?post=114502"},{"taxonomy":"post_tag","embeddable":true,"href":"https:\/\/www.actualidadadiario.com\/index.php\/wp-json\/wp\/v2\/tags?post=114502"}],"curies":[{"name":"wp","href":"https:\/\/api.w.org\/{rel}","templated":true}]}}