{"id":114500,"date":"2024-05-15T10:49:43","date_gmt":"2024-05-15T13:49:43","guid":{"rendered":"https:\/\/www.actualidadadiario.com\/?p=114500"},"modified":"2024-05-15T10:49:43","modified_gmt":"2024-05-15T13:49:43","slug":"se-mantiene-la-cantidad-de-evacuados-en-concordia-579-personas-tuvieron-que-dejar-sus-casas","status":"publish","type":"post","link":"https:\/\/www.actualidadadiario.com\/index.php\/2024\/05\/15\/se-mantiene-la-cantidad-de-evacuados-en-concordia-579-personas-tuvieron-que-dejar-sus-casas\/","title":{"rendered":"Se mantiene la cantidad de evacuados en Concordia: 579 personas tuvieron que dejar sus casas"},"content":{"rendered":"<p style=\"text-align: center;\"><em><strong>El intendente Francisco Azcu\u00e9 inform\u00f3 que hasta este martes 14 de mayo se evacuaron 170 familias, lo que hace un total de 579 personas, entre mayores y menores. Son m\u00e1s de 200 las personas que fueron trasladadas a Centros de Evacuados<\/strong><\/em><\/p>\n<p>&nbsp;<\/p>\n<p>&nbsp;<\/p>\n<p>Tras su paso por el Centro de Operaciones de Emergencias, lugar desde donde se llevan adelante todas las acciones como producto de la creciente del r\u00edo Uruguay, el intendente Francisco Azcu\u00e9 recorri\u00f3 y dialog\u00f3 con los vecinos que permanecen evacuados.<\/p>\n<p>Adem\u00e1s, junto a las autoridades locales de Prefectura Naval Argentina, realiz\u00f3 una recorrida por agua de los sectores afectados, particularmente en la zona de la Costanera y la zona sur, describiendo que es una imagen &#8220;muy dura y dif\u00edcil pero estamos trabajando desde la Municipalidad, el Gobierno Provincial y en contacto con el Gobierno Nacional para que junto a la comunidad de Concordia salgamos adelante de esta situaci\u00f3n&#8221;.<\/p>\n<p>Se recuerda que aquellas personas que requieran ser evacuadas, deben comunicarse al n\u00famero, gratuito, 103.<\/p>\n<p>El operativo de evacuaciones continu\u00f3 desarroll\u00e1ndose tal cual lo previsto, en un trabajo conjunto entre las distintas \u00e1reas de la Municipalidad de Concordia, Fuerzas Armadas, de Seguridad, Bomberos Voluntarios, Vialidad Provincial y entidades intermedias.<\/p>\n<p>En lo que respecta a evacuaciones, el intendente Azcu\u00e9 inform\u00f3 que hasta este martes 14 de mayo se han evacuado un total de 170 familias, que hacen un total de 579 personas, entre mayores y menores.<\/p>\n<p>Del total de familias evacuadas, 111 de ellas fueron trasladadas a domicilios particulares.<\/p>\n<p>Hay 9 familias, 17 adultos y 18 menores, alojadas en el Centro de Evacuados &#8220;El Refugio&#8221; de\u00a0 Carretera La Cruz.<\/p>\n<p>En las instalaciones del Regimiento hay alojadas 21 familias, 37 mayores y 35 menores. Mientras que en Villa Adela, hay 5 familias evacuadas, 13 mayores y 8 menores<\/p>\n<p>En el centro de evacuados &#8220;Promin&#8221; hay 14 familias, 24 mayores y 30 menores y en la &#8220;Ex Bagley&#8221;, se encuentran evacuadas 9 familias, 17 mayores y 9 menores.<\/p>\n<p>Total de familias que permanecen en los centros de evacuados: 59.<\/p>\n<p>Hasta el d\u00eda de la fecha, 368 personas fueron trasladadas a domicilios particulares y 208, a Centros de Evacuados.<\/p>\n","protected":false},"excerpt":{"rendered":"<p>El intendente Francisco Azcu\u00e9 inform\u00f3 que hasta este martes 14 de mayo se evacuaron 170 familias, lo que hace un total de 579 personas, entre mayores y menores. Son m\u00e1s de 200 las personas que fueron trasladadas a Centros de Evacuados &nbsp; &nbsp; Tras su paso por el Centro de Operaciones de Emergencias, lugar desde donde se llevan adelante todas las acciones como producto de la creciente del r\u00edo Uruguay, el intendente Francisco Azcu\u00e9 recorri\u00f3 y dialog\u00f3 con los vecinos que permanecen evacuados. Adem\u00e1s, junto a las autoridades locales de&#8230;<\/p>\n","protected":false},"author":3,"featured_media":114412,"comment_status":"closed","ping_status":"closed","sticky":false,"template":"","format":"standard","meta":[],"categories":[15],"tags":[],"_links":{"self":[{"href":"https:\/\/www.actualidadadiario.com\/index.php\/wp-json\/wp\/v2\/posts\/114500"}],"collection":[{"href":"https:\/\/www.actualidadadiario.com\/index.php\/wp-json\/wp\/v2\/posts"}],"about":[{"href":"https:\/\/www.actualidadadiario.com\/index.php\/wp-json\/wp\/v2\/types\/post"}],"author":[{"embeddable":true,"href":"https:\/\/www.actualidadadiario.com\/index.php\/wp-json\/wp\/v2\/users\/3"}],"replies":[{"embeddable":true,"href":"https:\/\/www.actualidadadiario.com\/index.php\/wp-json\/wp\/v2\/comments?post=114500"}],"version-history":[{"count":1,"href":"https:\/\/www.actualidadadiario.com\/index.php\/wp-json\/wp\/v2\/posts\/114500\/revisions"}],"predecessor-version":[{"id":114501,"href":"https:\/\/www.actualidadadiario.com\/index.php\/wp-json\/wp\/v2\/posts\/114500\/revisions\/114501"}],"wp:featuredmedia":[{"embeddable":true,"href":"https:\/\/www.actualidadadiario.com\/index.php\/wp-json\/wp\/v2\/media\/114412"}],"wp:attachment":[{"href":"https:\/\/www.actualidadadiario.com\/index.php\/wp-json\/wp\/v2\/media?parent=114500"}],"wp:term":[{"taxonomy":"category","embeddable":true,"href":"https:\/\/www.actualidadadiario.com\/index.php\/wp-json\/wp\/v2\/categories?post=114500"},{"taxonomy":"post_tag","embeddable":true,"href":"https:\/\/www.actualidadadiario.com\/index.php\/wp-json\/wp\/v2\/tags?post=114500"}],"curies":[{"name":"wp","href":"https:\/\/api.w.org\/{rel}","templated":true}]}}