{"id":114498,"date":"2024-05-15T10:49:11","date_gmt":"2024-05-15T13:49:11","guid":{"rendered":"https:\/\/www.actualidadadiario.com\/?p=114498"},"modified":"2024-05-15T10:49:11","modified_gmt":"2024-05-15T13:49:11","slug":"autoridades-de-uner-uader-y-utn-van-hoy-al-senado-para-debatir-la-baja-de-la-tarifa-de-luz-en-universidades","status":"publish","type":"post","link":"https:\/\/www.actualidadadiario.com\/index.php\/2024\/05\/15\/autoridades-de-uner-uader-y-utn-van-hoy-al-senado-para-debatir-la-baja-de-la-tarifa-de-luz-en-universidades\/","title":{"rendered":"Autoridades de UNER, Uader y UTN van hoy al Senado para debatir la baja de la tarifa de luz en universidades"},"content":{"rendered":"<p style=\"text-align: center;\"><em><strong>Los rectores de la UNER y de la Uader, y el Decano de la UTN participar\u00e1n este mi\u00e9rcoles de la reuni\u00f3n de la Comisi\u00f3n de Educaci\u00f3n, Ciencia y Tecnolog\u00eda de la C\u00e1mara de Senadores. En el encuentro se analizar\u00e1 la iniciativa que dispone otorgar un subsidio a la tarifa el\u00e9ctrica del 50% a favor de las Universidades P\u00fablicas con asiento en la provincia<\/strong><\/em><\/p>\n<p>&nbsp;<\/p>\n<p>&nbsp;<\/p>\n<p>El Rector de la Universidad Nacional de Entre R\u00edos (UNER), Andr\u00e9s Sabella; el de la Universidad Aut\u00f3noma de Entre R\u00edos (Uader), Luciano Filipuzzi; y el Decano de la Universidad Tecnol\u00f3gica Nacional (UTN) Regional Paran\u00e1, Alejandro Carrere, fueron convocados por la Comisi\u00f3n de Educaci\u00f3n, Ciencia para participar de una reuni\u00f3n que tendr\u00e1 lugar este mi\u00e9rcoles a las 10.<\/p>\n<p>En la oportunidad se abordar\u00e1 un proyecto que presentaron los senadores justicialistas por el que se establece el otorgamiento de un subsidio a la tarifa el\u00e9ctrica del 50% a favor de las Universidades P\u00fablicas con asiento en Entre R\u00edos hasta fin de a\u00f1o.<\/p>\n<p>El proyecto tambi\u00e9n autoriza al Poder Ejecutivo Provincial a realizar las ampliaciones y modificaciones presupuestarias que fueren necesarias para que garantizar tal subsidio.<\/p>\n<p>Y finalmente autoriza a la Secretar\u00eda de Energ\u00eda a abonar a las distribuidoras el\u00e9ctricas de la provincia los montos que correspondan por la aplicaci\u00f3n del subsidio tarifario, previa acreditaci\u00f3n por el sistema de declaraciones juradas y contralor por parte del Ente Provincial Regulador de Energ\u00eda (EPRE).<\/p>\n<p>\u201cSi bien es cierto que la Ley Nacional N\u00ba 24.521 de Educaci\u00f3n Superior, dispone que es el Estado nacional el responsable de proveer al financiamiento de las universidades p\u00fablicas en nuestra provincia, no es menos cierto que en el plano de la realidad ello no acontece\u201d, expresaron los senadores en la iniciativa.<\/p>\n<p>En este marco, consideraron que \u201ces fundamental el sostenimiento de nuestras casas de estudio y proponer lo que entendemos va a morigerar el impacto econ\u00f3mico de las tarifas de electricidad\u201d.<\/p>\n","protected":false},"excerpt":{"rendered":"<p>Los rectores de la UNER y de la Uader, y el Decano de la UTN participar\u00e1n este mi\u00e9rcoles de la reuni\u00f3n de la Comisi\u00f3n de Educaci\u00f3n, Ciencia y Tecnolog\u00eda de la C\u00e1mara de Senadores. En el encuentro se analizar\u00e1 la iniciativa que dispone otorgar un subsidio a la tarifa el\u00e9ctrica del 50% a favor de las Universidades P\u00fablicas con asiento en la provincia &nbsp; &nbsp; El Rector de la Universidad Nacional de Entre R\u00edos (UNER), Andr\u00e9s Sabella; el de la Universidad Aut\u00f3noma de Entre R\u00edos (Uader), Luciano Filipuzzi; y el&#8230;<\/p>\n","protected":false},"author":3,"featured_media":57275,"comment_status":"closed","ping_status":"closed","sticky":false,"template":"","format":"standard","meta":[],"categories":[15],"tags":[],"_links":{"self":[{"href":"https:\/\/www.actualidadadiario.com\/index.php\/wp-json\/wp\/v2\/posts\/114498"}],"collection":[{"href":"https:\/\/www.actualidadadiario.com\/index.php\/wp-json\/wp\/v2\/posts"}],"about":[{"href":"https:\/\/www.actualidadadiario.com\/index.php\/wp-json\/wp\/v2\/types\/post"}],"author":[{"embeddable":true,"href":"https:\/\/www.actualidadadiario.com\/index.php\/wp-json\/wp\/v2\/users\/3"}],"replies":[{"embeddable":true,"href":"https:\/\/www.actualidadadiario.com\/index.php\/wp-json\/wp\/v2\/comments?post=114498"}],"version-history":[{"count":1,"href":"https:\/\/www.actualidadadiario.com\/index.php\/wp-json\/wp\/v2\/posts\/114498\/revisions"}],"predecessor-version":[{"id":114499,"href":"https:\/\/www.actualidadadiario.com\/index.php\/wp-json\/wp\/v2\/posts\/114498\/revisions\/114499"}],"wp:featuredmedia":[{"embeddable":true,"href":"https:\/\/www.actualidadadiario.com\/index.php\/wp-json\/wp\/v2\/media\/57275"}],"wp:attachment":[{"href":"https:\/\/www.actualidadadiario.com\/index.php\/wp-json\/wp\/v2\/media?parent=114498"}],"wp:term":[{"taxonomy":"category","embeddable":true,"href":"https:\/\/www.actualidadadiario.com\/index.php\/wp-json\/wp\/v2\/categories?post=114498"},{"taxonomy":"post_tag","embeddable":true,"href":"https:\/\/www.actualidadadiario.com\/index.php\/wp-json\/wp\/v2\/tags?post=114498"}],"curies":[{"name":"wp","href":"https:\/\/api.w.org\/{rel}","templated":true}]}}