{"id":114496,"date":"2024-05-15T10:48:35","date_gmt":"2024-05-15T13:48:35","guid":{"rendered":"https:\/\/www.actualidadadiario.com\/?p=114496"},"modified":"2024-05-15T10:48:35","modified_gmt":"2024-05-15T13:48:35","slug":"paritaria-salarial-agmer-realizara-un-congreso-para-dar-una-respuesta-definitiva","status":"publish","type":"post","link":"https:\/\/www.actualidadadiario.com\/index.php\/2024\/05\/15\/paritaria-salarial-agmer-realizara-un-congreso-para-dar-una-respuesta-definitiva\/","title":{"rendered":"Paritaria salarial: Agmer realizar\u00e1 un Congreso para dar una respuesta  definitiva"},"content":{"rendered":"<p style=\"text-align: center;\"><em><strong>El Ejecutivo mejor\u00f3 nuevamente la oferta con respecto al anterior encuentro pero desde el gremio la consideraron insuficiente moment\u00e1neamente ya que tres de los cuatros planteados \u201cno tuvieron respuesta favorable\u201d. El Congreso se llevar\u00e1 a cabo este jueves en Paran\u00e1<\/strong><\/em><\/p>\n<p>&nbsp;<\/p>\n<p>&nbsp;<\/p>\n<p>Este martes se realiz\u00f3 un nuevo encuentro paritario luego de que Agmer y dem\u00e1s gremios considerara insuficiente la propuesta realizada por el Ejecutivo el pasado 7 de mayo.<\/p>\n<p>Al respecto, Agmer expuso las demandas que se plantearon en la paritaria provenientes del Congreso realizado el pasado viernes. Adem\u00e1s de una mejora salarial, solicitaron que los incrementos tengan como base de c\u00e1lculo el mes de marzo y que a partir de la liquidaci\u00f3n de los haberes de julio, la base sea junio. Por otra parte, pidieron que una vez conocida la inflaci\u00f3n de junio, se abone \u201ccomo piso y en forma autom\u00e1tica la diferencia entre la inflaci\u00f3n acumulada hasta dicho mes y la pauta salarial del primer semestre del a\u00f1o\u201d.<\/p>\n<p>Debido a que el Gobierno \u201cno modifica la base de c\u00e1lculo de enero y sostiene la redacci\u00f3n propuesta originalmente para la cl\u00e1usula de garant\u00eda\u201d,\u00a0 el gremio considero la propuesta como insuficiente moment\u00e1neamente y dar\u00e1 su respuesta definitiva este jueves en el 4\u00ba Congreso de Agmer.<\/p>\n<p>Cabe destacar adem\u00e1s que, en comparaci\u00f3n a la propuesta del martes pasado, la oferta solo mejor dos puntos: en mayo el incremento pas\u00f3 de 6 a 7% y en junio de 7 a 8%, sosteniendo el 5% en abril.<\/p>\n","protected":false},"excerpt":{"rendered":"<p>El Ejecutivo mejor\u00f3 nuevamente la oferta con respecto al anterior encuentro pero desde el gremio la consideraron insuficiente moment\u00e1neamente ya que tres de los cuatros planteados \u201cno tuvieron respuesta favorable\u201d. El Congreso se llevar\u00e1 a cabo este jueves en Paran\u00e1 &nbsp; &nbsp; Este martes se realiz\u00f3 un nuevo encuentro paritario luego de que Agmer y dem\u00e1s gremios considerara insuficiente la propuesta realizada por el Ejecutivo el pasado 7 de mayo. Al respecto, Agmer expuso las demandas que se plantearon en la paritaria provenientes del Congreso realizado el pasado viernes. Adem\u00e1s&#8230;<\/p>\n","protected":false},"author":3,"featured_media":107277,"comment_status":"closed","ping_status":"closed","sticky":false,"template":"","format":"standard","meta":[],"categories":[15],"tags":[],"_links":{"self":[{"href":"https:\/\/www.actualidadadiario.com\/index.php\/wp-json\/wp\/v2\/posts\/114496"}],"collection":[{"href":"https:\/\/www.actualidadadiario.com\/index.php\/wp-json\/wp\/v2\/posts"}],"about":[{"href":"https:\/\/www.actualidadadiario.com\/index.php\/wp-json\/wp\/v2\/types\/post"}],"author":[{"embeddable":true,"href":"https:\/\/www.actualidadadiario.com\/index.php\/wp-json\/wp\/v2\/users\/3"}],"replies":[{"embeddable":true,"href":"https:\/\/www.actualidadadiario.com\/index.php\/wp-json\/wp\/v2\/comments?post=114496"}],"version-history":[{"count":1,"href":"https:\/\/www.actualidadadiario.com\/index.php\/wp-json\/wp\/v2\/posts\/114496\/revisions"}],"predecessor-version":[{"id":114497,"href":"https:\/\/www.actualidadadiario.com\/index.php\/wp-json\/wp\/v2\/posts\/114496\/revisions\/114497"}],"wp:featuredmedia":[{"embeddable":true,"href":"https:\/\/www.actualidadadiario.com\/index.php\/wp-json\/wp\/v2\/media\/107277"}],"wp:attachment":[{"href":"https:\/\/www.actualidadadiario.com\/index.php\/wp-json\/wp\/v2\/media?parent=114496"}],"wp:term":[{"taxonomy":"category","embeddable":true,"href":"https:\/\/www.actualidadadiario.com\/index.php\/wp-json\/wp\/v2\/categories?post=114496"},{"taxonomy":"post_tag","embeddable":true,"href":"https:\/\/www.actualidadadiario.com\/index.php\/wp-json\/wp\/v2\/tags?post=114496"}],"curies":[{"name":"wp","href":"https:\/\/api.w.org\/{rel}","templated":true}]}}