{"id":114487,"date":"2024-05-14T14:46:03","date_gmt":"2024-05-14T17:46:03","guid":{"rendered":"https:\/\/www.actualidadadiario.com\/?p=114487"},"modified":"2024-05-14T14:46:03","modified_gmt":"2024-05-14T17:46:03","slug":"milei-encabezo-un-acto-en-homenaje-a-carlos-menem","status":"publish","type":"post","link":"https:\/\/www.actualidadadiario.com\/index.php\/2024\/05\/14\/milei-encabezo-un-acto-en-homenaje-a-carlos-menem\/","title":{"rendered":"Milei encabez\u00f3 un acto en homenaje a Carlos Menem"},"content":{"rendered":"<p style=\"text-align: center;\"><em><strong>El Presidente inaugur\u00f3 el busto de Carlos Menem en Casa Rosada. Particip\u00f3 la familia del exmandatario como Zulemita Yoma hija y Eduardo Memen<\/strong><\/em><\/p>\n<p>&nbsp;<\/p>\n<p>&nbsp;<\/p>\n<p>El presidente Javier Milei inaugur\u00f3 el busto del exmandatario Carlos Sa\u00fal Menem en Casa Rosada y, entre l\u00e1grimas, afirm\u00f3 que se trat\u00f3 de &#8220;un acto de justicia&#8221;.<\/p>\n<p>&#8220;Quiero agradecer desde lo m\u00e1s profundo de mi coraz\u00f3n que finalmente se concrete en este a\u00f1o, en una fecha con tan importante significado&#8221;, se\u00f1al\u00f3 Zulemita Menem, hija del fallecido exjefe de Estado, en alusi\u00f3n al aniversario n\u00famero 35 del triunfo del dirigente peronista en las elecciones de 1989.<\/p>\n<p>En su discurso, Zulemita afirm\u00f3 estar &#8220;muy honrada&#8221; de su padre, a quien defini\u00f3 como &#8220;un caballero de la pol\u00edtica&#8221;.<\/p>\n<p>&#8220;Le deseo, como ciudadana, todo el \u00e9xito que su dedicaci\u00f3n y tarea merecen&#8221;, expres\u00f3 la hija de Carlos Menem, dirigi\u00e9ndose a Milei.<\/p>\n<p>Cuando fue su turno, el l\u00edder libertario destac\u00f3 la trayectoria del riojano y, entre l\u00e1grimas, ensalz\u00f3 la figura del exmandatario. &#8220;Hoy estamos haciendo un acto de justicia. Estamos reconociendo su liderazgo, su trayectoria pol\u00edtica y sus gobiernos&#8221;, remarc\u00f3 el Presidente.<\/p>\n<p>Y a\u00f1adi\u00f3: &#8220;Estamos haciendo homenaje al mejor Presidente de los \u00faltimos 40 a\u00f1os, al menos&#8221;.<\/p>\n<p>Este lunes fue instalada la figura del riojano, que qued\u00f3 cubierta por una tela, de cara a la ceremonia de inauguraci\u00f3n de este martes en la que est\u00e1n su hija Zulemita, su ex esposa Zulema y miembros de la familia que actualmente forman parte de La Libertad Avanza, como el titular de la C\u00e1mara de Diputados, Mart\u00edn Menem, y el subsecretario de Gesti\u00f3n Institucional, Eduardo &#8220;Lule&#8221; Menem. Entre los invitados est\u00e1n Eduardo Duhalde, Carlos Ruckauf , Carlos Corach y Eduardo Eurnekian.<\/p>\n<p>Semanas atr\u00e1s, la gesti\u00f3n libertaria dispuso reubicar el busto de N\u00e9stor Kirchner, que fue colocado ahora en un sector m\u00e1s retirado del sal\u00f3n, mientras que la figura del riojano qued\u00f3 instalada en un lugar de privilegio de ese sal\u00f3n, a pocos metros del ingreso por explanada que utilizan los presidentes, funcionarios y visitantes ilustres de la Casa Rosada.<\/p>\n<p>La fecha elegida para la instalaci\u00f3n de su busto no es casual: un 14 de mayo, pero hace 35 a\u00f1os, Carlos Menem gan\u00f3 las elecciones presidenciales, que hab\u00edan sido adelantadas por la crisis inflacionaria que precipit\u00f3 el fin del mandato de Ra\u00fal Alfons\u00edn.<\/p>\n<p>Para ubicar el busto de un ex mandatario en ese sal\u00f3n debe cumplirse el requisito de que hayan transcurrido dos mandatos desde su salida del poder, por lo que todav\u00eda existen tres ex presidentes cuyas figuras est\u00e1n habilitadas para instalarse y a\u00fan no se hizo: Isabel Mart\u00ednez de Per\u00f3n, Fernando de la R\u00faa y Cristina Kirchner.<\/p>\n<p>&nbsp;<\/p>\n<p><strong>Reuni\u00f3n de Gabinete encabezada por Posse<\/strong><\/p>\n<p>El jefe de Gabinete, Nicol\u00e1s Posse, encabez\u00f3 una nueva reuni\u00f3n junto a los ministros y principales colaboradores del Gobierno y, sin la presencia del presidente Javier Milei ni de la secretaria general de la Presidencia, Karina Milei, monitorea las \u00e1reas de la administraci\u00f3n libertaria.<\/p>\n<p>El encuentro se dio en la previa al acto homenaje al ex presidente Carlos Sa\u00fal Menem, en honor a quien se colocar\u00e1 su busto en la Galer\u00eda de los Bustos de Casa Rosada.<\/p>\n<p>Uno a uno los ministros del Gabinete desfilaron hacia el sal\u00f3n Eva Per\u00f3n para brindar un informe detallado de la situaci\u00f3n de sus carteras, incluso, en plena negociaciones por la media sanci\u00f3n de la Ley Bases, se espera que el ministro del Interior, Guillermo Francos, tenga un lugar central en el intercambio.<\/p>\n<p>Participaron de la reuni\u00f3n los ministros Guillermo Francos (Interior), Sandra Pettovello (Capital Humano), Luis Petri (Defensa), Diana Mondino (Relaciones Exteriores, Comercio Internacional y Culto), Patricia Bullrich (Seguridad) y Luis &#8220;Toto&#8221; Caputo (Econom\u00eda). Los dos \u00faltimos se encontraron en la explanada e hicieron alusiones a la escultura del escultor Fernando Pugliese.<\/p>\n<p>Completaron la lista de asistentes el vocero presidencial, Manuel Adorni, y el secretario de Legal y T\u00e9cnica, Javier Herrera Bravo.<\/p>\n","protected":false},"excerpt":{"rendered":"<p>El Presidente inaugur\u00f3 el busto de Carlos Menem en Casa Rosada. Particip\u00f3 la familia del exmandatario como Zulemita Yoma hija y Eduardo Memen &nbsp; &nbsp; El presidente Javier Milei inaugur\u00f3 el busto del exmandatario Carlos Sa\u00fal Menem en Casa Rosada y, entre l\u00e1grimas, afirm\u00f3 que se trat\u00f3 de &#8220;un acto de justicia&#8221;. &#8220;Quiero agradecer desde lo m\u00e1s profundo de mi coraz\u00f3n que finalmente se concrete en este a\u00f1o, en una fecha con tan importante significado&#8221;, se\u00f1al\u00f3 Zulemita Menem, hija del fallecido exjefe de Estado, en alusi\u00f3n al aniversario n\u00famero 35&#8230;<\/p>\n","protected":false},"author":3,"featured_media":114488,"comment_status":"closed","ping_status":"closed","sticky":false,"template":"","format":"standard","meta":[],"categories":[18],"tags":[],"_links":{"self":[{"href":"https:\/\/www.actualidadadiario.com\/index.php\/wp-json\/wp\/v2\/posts\/114487"}],"collection":[{"href":"https:\/\/www.actualidadadiario.com\/index.php\/wp-json\/wp\/v2\/posts"}],"about":[{"href":"https:\/\/www.actualidadadiario.com\/index.php\/wp-json\/wp\/v2\/types\/post"}],"author":[{"embeddable":true,"href":"https:\/\/www.actualidadadiario.com\/index.php\/wp-json\/wp\/v2\/users\/3"}],"replies":[{"embeddable":true,"href":"https:\/\/www.actualidadadiario.com\/index.php\/wp-json\/wp\/v2\/comments?post=114487"}],"version-history":[{"count":1,"href":"https:\/\/www.actualidadadiario.com\/index.php\/wp-json\/wp\/v2\/posts\/114487\/revisions"}],"predecessor-version":[{"id":114489,"href":"https:\/\/www.actualidadadiario.com\/index.php\/wp-json\/wp\/v2\/posts\/114487\/revisions\/114489"}],"wp:featuredmedia":[{"embeddable":true,"href":"https:\/\/www.actualidadadiario.com\/index.php\/wp-json\/wp\/v2\/media\/114488"}],"wp:attachment":[{"href":"https:\/\/www.actualidadadiario.com\/index.php\/wp-json\/wp\/v2\/media?parent=114487"}],"wp:term":[{"taxonomy":"category","embeddable":true,"href":"https:\/\/www.actualidadadiario.com\/index.php\/wp-json\/wp\/v2\/categories?post=114487"},{"taxonomy":"post_tag","embeddable":true,"href":"https:\/\/www.actualidadadiario.com\/index.php\/wp-json\/wp\/v2\/tags?post=114487"}],"curies":[{"name":"wp","href":"https:\/\/api.w.org\/{rel}","templated":true}]}}