{"id":114484,"date":"2024-05-14T14:44:56","date_gmt":"2024-05-14T17:44:56","guid":{"rendered":"https:\/\/www.actualidadadiario.com\/?p=114484"},"modified":"2024-05-14T14:44:56","modified_gmt":"2024-05-14T17:44:56","slug":"el-gobierno-nacional-creo-el-grupo-especial-antinarcotrafico-rosario","status":"publish","type":"post","link":"https:\/\/www.actualidadadiario.com\/index.php\/2024\/05\/14\/el-gobierno-nacional-creo-el-grupo-especial-antinarcotrafico-rosario\/","title":{"rendered":"El Gobierno nacional cre\u00f3 el Grupo Especial Antinarcotr\u00e1fico Rosario"},"content":{"rendered":"<p style=\"text-align: center;\"><em><strong>Se trata de un grupo de combate conformado por representantes de las diferentes Fuerzas de Seguridad. El mismo le dar\u00e1 soporte a las fuerzas que trabajan en el Plan Bandera<\/strong><\/em><\/p>\n<p>&nbsp;<\/p>\n<p>&nbsp;<\/p>\n<p>Con el objetivo de avanzar en la lucha contra el narcotr\u00e1fico y el crimen organizado en una de las zonas m\u00e1s calientes del pa\u00eds, el Gobierno cre\u00f3 el Grupo Especial Antinarcotr\u00e1fico Rosario. La decisi\u00f3n fue publicada en el Bolet\u00edn Oficial. A trav\u00e9s de la resoluci\u00f3n 360\/2024, desde el Ministerio de Seguridad enfatizaron en el hecho de que &#8220;las conductas criminales vinculadas con la producci\u00f3n, tr\u00e1fico y comercializaci\u00f3n de estupefacientes y sustancias psicotr\u00f3picas, as\u00ed como los delitos conexos, representan una problem\u00e1tica extendida que atraviesa diversos aspectos de la vida social, acarreando consecuencias gravemente nocivas a las personas y los bienes&#8221;.<\/p>\n<p>Adem\u00e1s, reconocieron que &#8220;la cooperaci\u00f3n interinstitucional es esencial para maximizar la eficacia de las investigaciones y la persecuci\u00f3n de los responsables de delitos vinculados al narcotr\u00e1fico y otros conexos&#8221;.<\/p>\n<p>Por ello, dejaron constancia de la creaci\u00f3n de este grupo que estar\u00e1 integrado por dos representantes de las Fuerzas Policiales y de Seguridad Federales con experiencia en \u00e1reas investigativas. Este comando tendr\u00e1 como objetivo colaborar con la PROCUNAR (Procuraci\u00f3n de Narcocriminalidad) a fin de propiciar el intercambio eficiente de informaci\u00f3n, recursos y capacidades entre las distintas entidades involucradas, asegurando la agilidad y la efectividad en el abordaje de investigaciones complejas.<\/p>\n<p>El GEANRO operar\u00e1 de forma local, es decir, tendr\u00e1 su base de operaciones en la ciudad de Rosario. All\u00ed producir\u00e1 informes de situaci\u00f3n de narcocriminalidad. El Gobierno puso en marcha el nuevo C\u00f3digo Procesal Penal Federal en la ciudad santafesina de Rosario con la presencia del ministro de Justicia, Mariano C\u00faneo Libarona, junto con la ministra de Seguridad, Patricia Bullrich, y el Consejo Asesor Interinstitucional de la Reforma Procesal Penal Federal, conformado por el presidente de la Corte Suprema de Justicia, Horacio Rosatti.<\/p>\n<p>El acto se llev\u00f3 adelante con la presencia del Procurador General, Eduardo Casal; la Defensora General, Stella Maris Mart\u00ednez y el presidente de la C\u00e1mara Federal de Casaci\u00f3n Penal, Mariano Borinsky. Adem\u00e1s, los acompa\u00f1aron el Subsecretario de Pol\u00edtica Criminal, Alberto Nanzer; el gobernador de Santa Fe, Maximiliano Pullaro; y el intendente de Rosario, Pablo Javkin.<\/p>\n<p>El Sistema Acusatorio, cuya implementaci\u00f3n fue dispuesta por la Ley 27.150 sancionada en 2015, pone la carga de la investigaci\u00f3n en la cabeza del Ministerio P\u00fablico Fiscal y brinda a los fiscales las herramientas necesarias para llevar a cabo investigaciones complejas contra la criminalidad organizada.<\/p>\n<p>La implementaci\u00f3n del C\u00f3digo Procesal Penal Federal (CPPF) en la Justicia Federal y Nacional Penal depende del cronograma progresivo del Ministerio de Justicia, que prev\u00e9 extenderlo a todo el pa\u00eds.\u00a0 &#8220;La agilidad y la rapidez son los mayores impactos con los que contar\u00e1 el nuevo sistema para administrar justicia. Sus resultados en materia de eficacia y garant\u00eda van dirigidos a disminuir cuantitativamente tanto las detenciones prolongadas como los procesos sin detenidos, caracteriz\u00e1ndose por resoluciones prontas de los Tribunales que dan certeza a las partes&#8221;, explic\u00f3 el Gobierno.<\/p>\n<p>Tras la presentaci\u00f3n desarrollada en Rosario, el ministro de Justicia, Mariano C\u00faneo Libarona, destac\u00f3 que \u201ceste C\u00f3digo supera al anterior en cuanto a oralidad, inmediaci\u00f3n, celeridad, principio de oportunidad, alternativas de resoluci\u00f3n de conflictos, juicios orales m\u00e1s r\u00e1pidos, expedientes digitalizados, y tiempos m\u00e1s limitados&#8221;. Adem\u00e1s, remarc\u00f3 que &#8220;contribuir\u00e1 a una mejor Argentina&#8221;.<\/p>\n<p>Por su parte, la ministra de Seguridad, Patricia Bullrich, explic\u00f3 que \u201cen Rosario nosotros hemos planteado un comando unificado y tres estrategias: la presencia permanente con un control muy fuerte, la tarea de inteligencia criminal que nos permite conocer qu\u00e9 bandas est\u00e1n actuando para tener una clara de persecuci\u00f3n penal y este nuevo sistema acusatorio que nos va a traer una investigaci\u00f3n m\u00e1s r\u00e1pida&#8221;.<\/p>\n","protected":false},"excerpt":{"rendered":"<p>Se trata de un grupo de combate conformado por representantes de las diferentes Fuerzas de Seguridad. El mismo le dar\u00e1 soporte a las fuerzas que trabajan en el Plan Bandera &nbsp; &nbsp; Con el objetivo de avanzar en la lucha contra el narcotr\u00e1fico y el crimen organizado en una de las zonas m\u00e1s calientes del pa\u00eds, el Gobierno cre\u00f3 el Grupo Especial Antinarcotr\u00e1fico Rosario. La decisi\u00f3n fue publicada en el Bolet\u00edn Oficial. A trav\u00e9s de la resoluci\u00f3n 360\/2024, desde el Ministerio de Seguridad enfatizaron en el hecho de que &#8220;las&#8230;<\/p>\n","protected":false},"author":3,"featured_media":114485,"comment_status":"closed","ping_status":"closed","sticky":false,"template":"","format":"standard","meta":[],"categories":[18],"tags":[],"_links":{"self":[{"href":"https:\/\/www.actualidadadiario.com\/index.php\/wp-json\/wp\/v2\/posts\/114484"}],"collection":[{"href":"https:\/\/www.actualidadadiario.com\/index.php\/wp-json\/wp\/v2\/posts"}],"about":[{"href":"https:\/\/www.actualidadadiario.com\/index.php\/wp-json\/wp\/v2\/types\/post"}],"author":[{"embeddable":true,"href":"https:\/\/www.actualidadadiario.com\/index.php\/wp-json\/wp\/v2\/users\/3"}],"replies":[{"embeddable":true,"href":"https:\/\/www.actualidadadiario.com\/index.php\/wp-json\/wp\/v2\/comments?post=114484"}],"version-history":[{"count":1,"href":"https:\/\/www.actualidadadiario.com\/index.php\/wp-json\/wp\/v2\/posts\/114484\/revisions"}],"predecessor-version":[{"id":114486,"href":"https:\/\/www.actualidadadiario.com\/index.php\/wp-json\/wp\/v2\/posts\/114484\/revisions\/114486"}],"wp:featuredmedia":[{"embeddable":true,"href":"https:\/\/www.actualidadadiario.com\/index.php\/wp-json\/wp\/v2\/media\/114485"}],"wp:attachment":[{"href":"https:\/\/www.actualidadadiario.com\/index.php\/wp-json\/wp\/v2\/media?parent=114484"}],"wp:term":[{"taxonomy":"category","embeddable":true,"href":"https:\/\/www.actualidadadiario.com\/index.php\/wp-json\/wp\/v2\/categories?post=114484"},{"taxonomy":"post_tag","embeddable":true,"href":"https:\/\/www.actualidadadiario.com\/index.php\/wp-json\/wp\/v2\/tags?post=114484"}],"curies":[{"name":"wp","href":"https:\/\/api.w.org\/{rel}","templated":true}]}}