{"id":114482,"date":"2024-05-14T14:43:27","date_gmt":"2024-05-14T17:43:27","guid":{"rendered":"https:\/\/www.actualidadadiario.com\/?p=114482"},"modified":"2024-05-14T14:43:27","modified_gmt":"2024-05-14T17:43:27","slug":"francos-deslizo-que-el-gobierno-podria-postergar-la-firma-del-pacto-de-mayo-a-la-espera-de-la-sancion-de-la-ley-bases","status":"publish","type":"post","link":"https:\/\/www.actualidadadiario.com\/index.php\/2024\/05\/14\/francos-deslizo-que-el-gobierno-podria-postergar-la-firma-del-pacto-de-mayo-a-la-espera-de-la-sancion-de-la-ley-bases\/","title":{"rendered":"Francos desliz\u00f3 que el Gobierno podr\u00eda postergar la firma del Pacto de Mayo a la espera de la sanci\u00f3n de la Ley Bases"},"content":{"rendered":"<p style=\"text-align: center;\"><strong><em>El ministro del Interior se\u00f1al\u00f3 que el tratamiento legislativo de la iniciativa libertaria es como &#8220;una pel\u00edcula de suspenso&#8221;<\/em><\/strong><\/p>\n<p>&nbsp;<\/p>\n<p>&nbsp;<\/p>\n<p>El ministro del Interior, Guillermo Francos, desliz\u00f3 que el Gobierno podr\u00eda postergar la firma del Pacto de Mayo a la espera de la sanci\u00f3n de la Ley Bases.<\/p>\n<p>&#8220;Con la Ley Bases estamos avanzando y esperamos para hoy tener definido el dictamen final. Estamos tratando de conciliar las propuestas de cambios&#8221;, sostuvo el funcionario nacional al referirse al tratamiento legislativo de la iniciativa libertaria.<\/p>\n<p>En di\u00e1logo con Esta Ma\u00f1ana, el programa que conduce Marcelo Longobardi en Radio Rivadavia, el integrante del Gabinete reconoci\u00f3 que la intenci\u00f3n del Gobierno es llegar a la firma del Pacto de Mayo, pautada para el 25 de este mes en C\u00f3rdoba, con la Ley Bases aprobada.<\/p>\n<p>&#8220;Pero no depende de nosotros, sino de los senadores. Puede ser que algunos no est\u00e9n proclives a terminar esto para el 25 de Mayo&#8221;, se quej\u00f3.<\/p>\n<p>Al instante, aclar\u00f3 que &#8220;tampoco es tan importante&#8221; que se llegue con la norma aprobada y continu\u00f3: &#8220;Si se termina, bien; y si no se termina, veremos qu\u00e9 hacemos con el Pacto de Mayo, si lo hacemos en Mayo, si lo postergamos o si lo hacemos sin que est\u00e9 la ley&#8221;.<\/p>\n<p>&#8220;Son decisiones que se tomar\u00e1n en el momento en que sepamos c\u00f3mo termina todo&#8221;, expres\u00f3 Francos, quien defini\u00f3 al tratamiento de la Ley Bases en el Congreso como &#8220;una pel\u00edcula de suspenso&#8221;.<\/p>\n<p>Y subray\u00f3: &#8220;Veremos qu\u00e9 es lo que pasa. Cuando sepamos qu\u00e9 fechas exactamente manejamos, tomaremos la decisi\u00f3n. Hasta ahora la decisi\u00f3n es ir al 25 de Mayo&#8221;.<\/p>\n<p>Adem\u00e1s, el ministro del Interior indic\u00f3 que no ve con malos ojos que &#8220;el tema Educaci\u00f3n est\u00e9 incluido en el Pacto de Mayo&#8221; y se refiri\u00f3 a la posibilidad de invitar a la CGT a la firma del acuerdo: &#8220;Tenemos que buscar el camino de encuentro con ellos y poder llegar a mirar el pa\u00eds en conjunto&#8221;.<\/p>\n","protected":false},"excerpt":{"rendered":"<p>El ministro del Interior se\u00f1al\u00f3 que el tratamiento legislativo de la iniciativa libertaria es como &#8220;una pel\u00edcula de suspenso&#8221; &nbsp; &nbsp; El ministro del Interior, Guillermo Francos, desliz\u00f3 que el Gobierno podr\u00eda postergar la firma del Pacto de Mayo a la espera de la sanci\u00f3n de la Ley Bases. &#8220;Con la Ley Bases estamos avanzando y esperamos para hoy tener definido el dictamen final. Estamos tratando de conciliar las propuestas de cambios&#8221;, sostuvo el funcionario nacional al referirse al tratamiento legislativo de la iniciativa libertaria. En di\u00e1logo con Esta Ma\u00f1ana,&#8230;<\/p>\n","protected":false},"author":3,"featured_media":114309,"comment_status":"closed","ping_status":"closed","sticky":false,"template":"","format":"standard","meta":[],"categories":[18],"tags":[],"_links":{"self":[{"href":"https:\/\/www.actualidadadiario.com\/index.php\/wp-json\/wp\/v2\/posts\/114482"}],"collection":[{"href":"https:\/\/www.actualidadadiario.com\/index.php\/wp-json\/wp\/v2\/posts"}],"about":[{"href":"https:\/\/www.actualidadadiario.com\/index.php\/wp-json\/wp\/v2\/types\/post"}],"author":[{"embeddable":true,"href":"https:\/\/www.actualidadadiario.com\/index.php\/wp-json\/wp\/v2\/users\/3"}],"replies":[{"embeddable":true,"href":"https:\/\/www.actualidadadiario.com\/index.php\/wp-json\/wp\/v2\/comments?post=114482"}],"version-history":[{"count":1,"href":"https:\/\/www.actualidadadiario.com\/index.php\/wp-json\/wp\/v2\/posts\/114482\/revisions"}],"predecessor-version":[{"id":114483,"href":"https:\/\/www.actualidadadiario.com\/index.php\/wp-json\/wp\/v2\/posts\/114482\/revisions\/114483"}],"wp:featuredmedia":[{"embeddable":true,"href":"https:\/\/www.actualidadadiario.com\/index.php\/wp-json\/wp\/v2\/media\/114309"}],"wp:attachment":[{"href":"https:\/\/www.actualidadadiario.com\/index.php\/wp-json\/wp\/v2\/media?parent=114482"}],"wp:term":[{"taxonomy":"category","embeddable":true,"href":"https:\/\/www.actualidadadiario.com\/index.php\/wp-json\/wp\/v2\/categories?post=114482"},{"taxonomy":"post_tag","embeddable":true,"href":"https:\/\/www.actualidadadiario.com\/index.php\/wp-json\/wp\/v2\/tags?post=114482"}],"curies":[{"name":"wp","href":"https:\/\/api.w.org\/{rel}","templated":true}]}}