{"id":114451,"date":"2024-05-14T12:21:03","date_gmt":"2024-05-14T15:21:03","guid":{"rendered":"https:\/\/www.actualidadadiario.com\/?p=114451"},"modified":"2024-05-14T12:21:03","modified_gmt":"2024-05-14T15:21:03","slug":"el-crudo-informe-de-la-bbc-para-mostrar-el-aumento-de-la-pobreza-en-el-gobierno-de-milei","status":"publish","type":"post","link":"https:\/\/www.actualidadadiario.com\/index.php\/2024\/05\/14\/el-crudo-informe-de-la-bbc-para-mostrar-el-aumento-de-la-pobreza-en-el-gobierno-de-milei\/","title":{"rendered":"El crudo informe de la BBC para mostrar el aumento de la pobreza en el gobierno de Milei"},"content":{"rendered":"<p style=\"text-align: center;\"><em><strong>Fue realizado por la periodista Ione Wells, quien la semana pasada entrevist\u00f3 al presidente. Los ingresos populares y las jubilaciones cada vez compran menos por la inflaci\u00f3n. El plan econ\u00f3mico de LLA dispar\u00f3 la pobreza, hay 3,2 millones de nuevos pobres en el primer trimestre del a\u00f1o<\/strong><\/em><\/p>\n<p>&nbsp;<\/p>\n<p>&nbsp;<\/p>\n<p>La BBC public\u00f3 un informe audiovisual mostr\u00f3 los im\u00e1genes de la pobreza generada en consecuencia de las pol\u00edticas econ\u00f3micas del Gobierno de Javier Milei en menos de seis meses de gesti\u00f3n. La cr\u00f3nica period\u00edstica fue realizada por la periodista Ione Wells, quien la semana pasada le realiz\u00f3 una &#8220;inc\u00f3moda&#8221; entrevista al Presidente.<\/p>\n<p>El informe comienza con un relato que dice: &#8220;Este fue una vez un pa\u00eds rico. Algunas de estas personas fueron alguna vez de clase media. Muchos dicen que se averg\u00fcenzan de estar ahora en este comedor social s\u00f3lo para alimentar a sus familias. Es dif\u00edcil comer con dignidad&#8221;, mientras de fondo se ven im\u00e1genes de personas esperando en la fila de un comedor popular para recibir alimento.<\/p>\n<p>Inmediatamente despu\u00e9s, se presenta el testimonio de una de las responsables del comedor, quien asegura que &#8220;ha aumentado la demanda de comedores sociales por parte de personas en situaci\u00f3n de calle desde el cambio de Gobierno. No solo hay personas sin hogar, hay familias enteras que vienen en busca de un plato de comida&#8221;, inform\u00f3 la mujer.<\/p>\n<p>Luego, el video denuncia el recorte hecho por el Gobierno a los suministros de alimentos a los comedores y los salarios de las personas que trabajan en ellos. &#8220;Es uno de los muchos recortes que introdujo el nuevo presidente, Javier Milei. Recort\u00f3 dr\u00e1sticamente las subvenciones a la energ\u00eda y el transporte, el valor de la moneda y el gasto p\u00fablico en cuestiones como las pensiones&#8221;, indic\u00f3 Wells. Ante esto, la periodista regres\u00f3 a las declaraciones que le hizo el Presidente, quien sigue firme en su postura de que las pol\u00edticas de shock son necesarias para arreglar la econom\u00eda &#8220;tras a\u00f1os de alta inflaci\u00f3n, elevada deuda y elevado gasto p\u00fablico&#8221;.<\/p>\n<p>El informe contin\u00faa con un fragmento de la entrevista, en la que Wells le pregunta al dirigente libertario por los argentinos que sienten que est\u00e1n pagando el precio del ajuste que impulsa su gesti\u00f3n, a lo que Milei contest\u00f3 que eso no es as\u00ed ya que la mayor parte del ajuste &#8220;lo paga la corporaci\u00f3n pol\u00edtica&#8221;. Adem\u00e1s, denunci\u00f3 que algunos medios de comunicaci\u00f3n &#8220;mienten deliberadamente&#8221; para que la gente crea esa mentira. &#8220;No se puede hacer una evaluaci\u00f3n macroecon\u00f3mica bas\u00e1ndose en la situaci\u00f3n de un individuo. En realidad una situaci\u00f3n concreta puede verse influida por el tipo de informaci\u00f3n a la que tambi\u00e9n tiene acceso el individuo&#8221;, remarc\u00f3 el jefe de Estado.<\/p>\n<p>Es luego de esa respuesta que la periodista manifest\u00f3 que la informaci\u00f3n a la que tiene acceso la gente es la que ve todos los d\u00edas en los precios de los supermercados y luego le pregunt\u00f3 por el valor del litro de leche en Buenos Aires.<\/p>\n<p>Esa fue la pregunta que puso nervioso a Milei quien empez\u00f3 a titubear en su respuesta: &#8220;\u00bfUsted sabe cu\u00e1ntos bienes patrimoniales existen en una econom\u00eda? No se hace econom\u00eda bas\u00e1ndose en el precio de un activo individual. Lo primero es que en econom\u00eda los milagros no existen. \u00bfCu\u00e1l habr\u00eda sido la alternativa? \u00bfSeguir imprimiendo dinero como la administraci\u00f3n anterior? Eso genera inflaci\u00f3n y acaba afectando a los m\u00e1s vulnerables. Ese no era el camino&#8221;, respondi\u00f3 dubitativamente.<\/p>\n<p>Al final del informe, Wells cuenta que los fan\u00e1ticos de Milei siguen dispuestos a darle tiempo al Presidente pero algunos sectores de la sociedad no pueden esperar mucho m\u00e1s. As\u00ed, muestra la imagen de una jubilada que canta canciones en la calle porque con los 190 mil pesos que recibe con su pensi\u00f3n no llega a fin de mes.<\/p>\n","protected":false},"excerpt":{"rendered":"<p>Fue realizado por la periodista Ione Wells, quien la semana pasada entrevist\u00f3 al presidente. Los ingresos populares y las jubilaciones cada vez compran menos por la inflaci\u00f3n. El plan econ\u00f3mico de LLA dispar\u00f3 la pobreza, hay 3,2 millones de nuevos pobres en el primer trimestre del a\u00f1o &nbsp; &nbsp; La BBC public\u00f3 un informe audiovisual mostr\u00f3 los im\u00e1genes de la pobreza generada en consecuencia de las pol\u00edticas econ\u00f3micas del Gobierno de Javier Milei en menos de seis meses de gesti\u00f3n. La cr\u00f3nica period\u00edstica fue realizada por la periodista Ione Wells,&#8230;<\/p>\n","protected":false},"author":3,"featured_media":73556,"comment_status":"closed","ping_status":"closed","sticky":false,"template":"","format":"standard","meta":[],"categories":[9],"tags":[],"_links":{"self":[{"href":"https:\/\/www.actualidadadiario.com\/index.php\/wp-json\/wp\/v2\/posts\/114451"}],"collection":[{"href":"https:\/\/www.actualidadadiario.com\/index.php\/wp-json\/wp\/v2\/posts"}],"about":[{"href":"https:\/\/www.actualidadadiario.com\/index.php\/wp-json\/wp\/v2\/types\/post"}],"author":[{"embeddable":true,"href":"https:\/\/www.actualidadadiario.com\/index.php\/wp-json\/wp\/v2\/users\/3"}],"replies":[{"embeddable":true,"href":"https:\/\/www.actualidadadiario.com\/index.php\/wp-json\/wp\/v2\/comments?post=114451"}],"version-history":[{"count":1,"href":"https:\/\/www.actualidadadiario.com\/index.php\/wp-json\/wp\/v2\/posts\/114451\/revisions"}],"predecessor-version":[{"id":114452,"href":"https:\/\/www.actualidadadiario.com\/index.php\/wp-json\/wp\/v2\/posts\/114451\/revisions\/114452"}],"wp:featuredmedia":[{"embeddable":true,"href":"https:\/\/www.actualidadadiario.com\/index.php\/wp-json\/wp\/v2\/media\/73556"}],"wp:attachment":[{"href":"https:\/\/www.actualidadadiario.com\/index.php\/wp-json\/wp\/v2\/media?parent=114451"}],"wp:term":[{"taxonomy":"category","embeddable":true,"href":"https:\/\/www.actualidadadiario.com\/index.php\/wp-json\/wp\/v2\/categories?post=114451"},{"taxonomy":"post_tag","embeddable":true,"href":"https:\/\/www.actualidadadiario.com\/index.php\/wp-json\/wp\/v2\/tags?post=114451"}],"curies":[{"name":"wp","href":"https:\/\/api.w.org\/{rel}","templated":true}]}}