{"id":114441,"date":"2024-05-14T12:12:07","date_gmt":"2024-05-14T15:12:07","guid":{"rendered":"https:\/\/www.actualidadadiario.com\/?p=114441"},"modified":"2024-05-14T12:12:07","modified_gmt":"2024-05-14T15:12:07","slug":"cedula-azul-como-autorizar-a-alguien-a-manejar-un-auto-con-la-nueva-reglamentacion","status":"publish","type":"post","link":"https:\/\/www.actualidadadiario.com\/index.php\/2024\/05\/14\/cedula-azul-como-autorizar-a-alguien-a-manejar-un-auto-con-la-nueva-reglamentacion\/","title":{"rendered":"C\u00e9dula azul: \u00bfc\u00f3mo autorizar a alguien a manejar un auto con la nueva reglamentaci\u00f3n?"},"content":{"rendered":"<p style=\"text-align: center;\"><em><strong>El Gobierno derog\u00f3 la c\u00e9dula azul a trav\u00e9s de la Disposici\u00f3n 29\/2024. A partir de la fecha, solo se precisar\u00e1 presentar la c\u00e9dula verde<\/strong><\/em><\/p>\n<p>&nbsp;<\/p>\n<p>&nbsp;<\/p>\n<p>Finalmente, a trav\u00e9s del bolet\u00edn oficial, el gobierno nacional confirm\u00f3 la derogaci\u00f3n de la c\u00e9dula azul para la conducci\u00f3n de cualquier veh\u00edculo en la Argentina. A partir de ahora \u00fanicamente ser\u00e1 necesario presentar la c\u00e9dula verde para conducir un auto.<\/p>\n<p>La resoluci\u00f3n detalla tambi\u00e9n c\u00f3mo es el nuevo proceso para autorizar a un tercero a manejar un veh\u00edculo. El cambio fue impulsado por el ministerio de Justicia liberado por Mariano C\u00faneo Libarona.<\/p>\n<p>&nbsp;<\/p>\n<p><strong>Qu\u00e9 cambios implica la eliminaci\u00f3n de la c\u00e9dula azul<\/strong><\/p>\n<p>Desde la fecha los conductores no precisar\u00e1n m\u00e1s de la c\u00e9dula azul. Ahora la autorizaci\u00f3n para conducir un veh\u00edculo que no es de su propiedad, ser\u00e1 dada por la c\u00e9dula verde.<\/p>\n<p>Dicho documento podr\u00e1 ser asignado de forma f\u00edsica o bien de manera digital a trav\u00e9s del perfil de Mi Argentina de cada ciudadano. \u201cEl titular registral podr\u00e1 solicitar que su propia c\u00e9dula sea visualizada en el perfil digital de uno o m\u00e1s terceros determinados\u201d, detall\u00f3 el art\u00edculo 5 de la resoluci\u00f3n.<\/p>\n<p>&nbsp;<\/p>\n<p>El nuevo tr\u00e1mite lo podr\u00e1 realizar cualquier persona humana o jur\u00eddica. Los pasos de del nuevo tr\u00e1mite digital son:<\/p>\n<ul>\n<li>Ingresar en el sistema integral de tr\u00e1mites electr\u00f3nicos.<\/li>\n<li>Validarse en el portal de la administraci\u00f3n Federal de ingresos p\u00fablicos (AFIP)<\/li>\n<li>Seleccionar un dominio sobre el cual se titular.<\/li>\n<li>Identificar al tercero mediante; nombre; apellido; CUIT, CUIL o CDI.<\/li>\n<li>Una vez finalizado estos pasos, el autorizado ver\u00e1, desde a aplicaci\u00f3n, la c\u00e9dula verde del veh\u00edculo en cuesti\u00f3n en el apartado \u201cMis veh\u00edculos\u201d. En caso de querer quitarle el derecho a alg\u00fan autorizado, hay que realizar el mismo procedimiento.<\/li>\n<\/ul>\n<p>&nbsp;<\/p>\n<p>Al ser publicadas en el Bolet\u00edn Oficial, las nuevas medidas ya est\u00e1n vigentes. Sin embargo, cabe recordar que las c\u00e9dulas azules emitidas con anterioridad a la fecha de hoy, seguir\u00e1n siendo v\u00e1lidas.<\/p>\n<p>&nbsp;<\/p>\n<p><strong>Cierre de registros automotores<\/strong><\/p>\n<p>La medida de eliminar la c\u00e9lula azul como documento obligatorio para circular es parte de un paquete de normas que promovi\u00f3 el Ministerio de Justicia. El mismo, comunicado el 3 de mayo, inform\u00f3 el cierre del 40% de los registros del automotor en todo el pa\u00eds, as\u00ed como tambi\u00e9n la \u201cdigitalizaci\u00f3n de la totalidad de los legajos de los veh\u00edculos\u201d.<\/p>\n<p>M\u00e1s atr\u00e1s en el tiempo, la administraci\u00f3n de Javier Milei tambi\u00e9n hab\u00eda anunciado la eliminaci\u00f3n del Certificado de Transferencia. Automotor (CETA). La cartera encabezada por C\u00faneo Libarona tambi\u00e9n propondr\u00e1 a las provincias, la adhesi\u00f3n de baja de impuestos de sellos y patentes provinciales para \u201creducir las operaciones registrales que ascienden hasta el 7% del costo total de una transferencia\u201d.<\/p>\n<p>El Ministerio de Justicia tambi\u00e9n promovi\u00f3 la digitalizaci\u00f3n de la totalidad de los legajos de los veh\u00edculos para constituir un registro digital, \u00fanico y completo. As\u00ed, se intentar\u00e1 abandonar el anterior formato de los legajos f\u00edsicos.<\/p>\n<p>Varias medidas del ministerio figuraban en el Decreto de Necesidad de Urgencia que emiti\u00f3 Javier Milei el 22 de diciembre 2023. En su totalidad, fueron 14 los art\u00edculos de la norma dirigidos al mundo automotor.<\/p>\n","protected":false},"excerpt":{"rendered":"<p>El Gobierno derog\u00f3 la c\u00e9dula azul a trav\u00e9s de la Disposici\u00f3n 29\/2024. A partir de la fecha, solo se precisar\u00e1 presentar la c\u00e9dula verde &nbsp; &nbsp; Finalmente, a trav\u00e9s del bolet\u00edn oficial, el gobierno nacional confirm\u00f3 la derogaci\u00f3n de la c\u00e9dula azul para la conducci\u00f3n de cualquier veh\u00edculo en la Argentina. A partir de ahora \u00fanicamente ser\u00e1 necesario presentar la c\u00e9dula verde para conducir un auto. La resoluci\u00f3n detalla tambi\u00e9n c\u00f3mo es el nuevo proceso para autorizar a un tercero a manejar un veh\u00edculo. El cambio fue impulsado por el&#8230;<\/p>\n","protected":false},"author":3,"featured_media":114366,"comment_status":"closed","ping_status":"closed","sticky":false,"template":"","format":"standard","meta":[],"categories":[2],"tags":[],"_links":{"self":[{"href":"https:\/\/www.actualidadadiario.com\/index.php\/wp-json\/wp\/v2\/posts\/114441"}],"collection":[{"href":"https:\/\/www.actualidadadiario.com\/index.php\/wp-json\/wp\/v2\/posts"}],"about":[{"href":"https:\/\/www.actualidadadiario.com\/index.php\/wp-json\/wp\/v2\/types\/post"}],"author":[{"embeddable":true,"href":"https:\/\/www.actualidadadiario.com\/index.php\/wp-json\/wp\/v2\/users\/3"}],"replies":[{"embeddable":true,"href":"https:\/\/www.actualidadadiario.com\/index.php\/wp-json\/wp\/v2\/comments?post=114441"}],"version-history":[{"count":1,"href":"https:\/\/www.actualidadadiario.com\/index.php\/wp-json\/wp\/v2\/posts\/114441\/revisions"}],"predecessor-version":[{"id":114442,"href":"https:\/\/www.actualidadadiario.com\/index.php\/wp-json\/wp\/v2\/posts\/114441\/revisions\/114442"}],"wp:featuredmedia":[{"embeddable":true,"href":"https:\/\/www.actualidadadiario.com\/index.php\/wp-json\/wp\/v2\/media\/114366"}],"wp:attachment":[{"href":"https:\/\/www.actualidadadiario.com\/index.php\/wp-json\/wp\/v2\/media?parent=114441"}],"wp:term":[{"taxonomy":"category","embeddable":true,"href":"https:\/\/www.actualidadadiario.com\/index.php\/wp-json\/wp\/v2\/categories?post=114441"},{"taxonomy":"post_tag","embeddable":true,"href":"https:\/\/www.actualidadadiario.com\/index.php\/wp-json\/wp\/v2\/tags?post=114441"}],"curies":[{"name":"wp","href":"https:\/\/api.w.org\/{rel}","templated":true}]}}