{"id":114421,"date":"2024-05-14T10:38:55","date_gmt":"2024-05-14T13:38:55","guid":{"rendered":"https:\/\/www.actualidadadiario.com\/?p=114421"},"modified":"2024-05-14T10:38:55","modified_gmt":"2024-05-14T13:38:55","slug":"entidades-del-citrus-piden-a-empresas-y-productores-un-aporte-colaborativo-adicional-para-la-obra-social-de-sus-trabajadores","status":"publish","type":"post","link":"https:\/\/www.actualidadadiario.com\/index.php\/2024\/05\/14\/entidades-del-citrus-piden-a-empresas-y-productores-un-aporte-colaborativo-adicional-para-la-obra-social-de-sus-trabajadores\/","title":{"rendered":"Entidades del citrus piden a empresas y productores un aporte \u201ccolaborativo adicional\u201d para la obra social de sus trabajadores"},"content":{"rendered":"<p style=\"text-align: center;\"><em><strong>Las Asociaciones y la C\u00e1mara de Exportadores del sector citr\u00edcola dieron a conocer un comunicado en el que piden \u201cm\u00e1xima y preferencial atenci\u00f3n\u201d a sus socios y afiliados y a los productores en general<\/strong><\/em><\/p>\n<p>&nbsp;<\/p>\n<p>&nbsp;<\/p>\n<p>&nbsp;<\/p>\n<p>A rengl\u00f3n seguido, el texto, firmado por la C\u00e1mara de Exportadores de Citrus del Noreste Argentino (CECNEA), la Federaci\u00f3n del Citrus de Entre R\u00edos y las asociaciones de las diferentes zonas, explica que la Obra Social que atiende la salud de los trabajadores del sector \u201cest\u00e1 pasando por serias dificultades para afrontar todos los compromisos m\u00e9dicos que se le requieren, que incluyen el incremento exponencial que tienen las prestaciones m\u00e9dicas a las que deben hacer frente\u201d.<\/p>\n<p>Dicho esto, el comunicado solicita \u201ca todos los integrantes de las Asociaciones y productores en general que se haga un esfuerzo colaborativo adicional por \u00fanica vez\u201d, conformado por \u201cel aporte de $10.000\u201d, planteando la convicci\u00f3n de que la \u201csuma de contribuciones de todos asegurar\u00e1 un fondo que permita a la Obra Social tratar de sortear este dif\u00edcil momento\u201d.<\/p>\n<p>Las entidades citr\u00edcolas resaltan que \u201cLa solidaridad siempre se ubica por encima de otras consideraciones y sin esperar nada a cambio\u201d y que \u201cel servicio de salud a nuestros trabajadores podr\u00eda no estar garantizado y es el momento de colaborar para garantizar las prestaciones\u201d.<\/p>\n<p>Por \u00faltimo, el texto precisa que el \u201caporte voluntario e individual\u201d se realizar\u00e1 por dep\u00f3sito Bancario en la cuenta de la Obra Social CBU 0110212540021211636062\u201d, a fin de garantizar \u2013resalta- \u201cla transparencia, certificaci\u00f3n del acto y el destino final de dichos fondos\u201d.<\/p>\n<p><strong>Firman:<\/strong> Federaci\u00f3n del Citrus de Entre R\u00edos \u2013 Asociaci\u00f3n de Citricultores de Concordia \u2013 Asociaci\u00f3n de Citricultores y Empacadores de Chajar\u00ed \u2013 Asociaci\u00f3n de Citricultores y Empacadores de Federaci\u00f3n \u2013 Asociaci\u00f3n de Citricultores de Villa del Rosario \u2013 Asociaci\u00f3n de Citricultores de Santa Ana \u2013 Asociaci\u00f3n de Citricultores de Mocoret\u00e1 \u2013 Asociaci\u00f3n de Citricultores de Monte Caseros \u2013 C\u00e1mara de Exportadores de Citrus del Noreste Argentino (CECNEA).<\/p>\n","protected":false},"excerpt":{"rendered":"<p>Las Asociaciones y la C\u00e1mara de Exportadores del sector citr\u00edcola dieron a conocer un comunicado en el que piden \u201cm\u00e1xima y preferencial atenci\u00f3n\u201d a sus socios y afiliados y a los productores en general &nbsp; &nbsp; &nbsp; A rengl\u00f3n seguido, el texto, firmado por la C\u00e1mara de Exportadores de Citrus del Noreste Argentino (CECNEA), la Federaci\u00f3n del Citrus de Entre R\u00edos y las asociaciones de las diferentes zonas, explica que la Obra Social que atiende la salud de los trabajadores del sector \u201cest\u00e1 pasando por serias dificultades para afrontar todos&#8230;<\/p>\n","protected":false},"author":3,"featured_media":90690,"comment_status":"closed","ping_status":"closed","sticky":false,"template":"","format":"standard","meta":[],"categories":[15],"tags":[],"_links":{"self":[{"href":"https:\/\/www.actualidadadiario.com\/index.php\/wp-json\/wp\/v2\/posts\/114421"}],"collection":[{"href":"https:\/\/www.actualidadadiario.com\/index.php\/wp-json\/wp\/v2\/posts"}],"about":[{"href":"https:\/\/www.actualidadadiario.com\/index.php\/wp-json\/wp\/v2\/types\/post"}],"author":[{"embeddable":true,"href":"https:\/\/www.actualidadadiario.com\/index.php\/wp-json\/wp\/v2\/users\/3"}],"replies":[{"embeddable":true,"href":"https:\/\/www.actualidadadiario.com\/index.php\/wp-json\/wp\/v2\/comments?post=114421"}],"version-history":[{"count":1,"href":"https:\/\/www.actualidadadiario.com\/index.php\/wp-json\/wp\/v2\/posts\/114421\/revisions"}],"predecessor-version":[{"id":114422,"href":"https:\/\/www.actualidadadiario.com\/index.php\/wp-json\/wp\/v2\/posts\/114421\/revisions\/114422"}],"wp:featuredmedia":[{"embeddable":true,"href":"https:\/\/www.actualidadadiario.com\/index.php\/wp-json\/wp\/v2\/media\/90690"}],"wp:attachment":[{"href":"https:\/\/www.actualidadadiario.com\/index.php\/wp-json\/wp\/v2\/media?parent=114421"}],"wp:term":[{"taxonomy":"category","embeddable":true,"href":"https:\/\/www.actualidadadiario.com\/index.php\/wp-json\/wp\/v2\/categories?post=114421"},{"taxonomy":"post_tag","embeddable":true,"href":"https:\/\/www.actualidadadiario.com\/index.php\/wp-json\/wp\/v2\/tags?post=114421"}],"curies":[{"name":"wp","href":"https:\/\/api.w.org\/{rel}","templated":true}]}}