{"id":114418,"date":"2024-05-14T10:38:08","date_gmt":"2024-05-14T13:38:08","guid":{"rendered":"https:\/\/www.actualidadadiario.com\/?p=114418"},"modified":"2024-05-14T10:38:08","modified_gmt":"2024-05-14T13:38:08","slug":"frigerio-y-azcue-anticiparon-que-se-planificaran-mas-relocalizaciones-luego-de-esta-creciente","status":"publish","type":"post","link":"https:\/\/www.actualidadadiario.com\/index.php\/2024\/05\/14\/frigerio-y-azcue-anticiparon-que-se-planificaran-mas-relocalizaciones-luego-de-esta-creciente\/","title":{"rendered":"Frigerio y Azcu\u00e9 anticiparon que se planificar\u00e1n m\u00e1s relocalizaciones luego de esta creciente"},"content":{"rendered":"<p style=\"text-align: center;\"><em><strong>Durante la noche de este lunes, el gobernador Rogelio Frigerio y el intendente de Concordia, Francisco Azcu\u00e9, brindaron una conferencia de prensa con un tema excluyente: la creciente del r\u00edo Uruguay<\/strong><\/em><\/p>\n<p>&nbsp;<\/p>\n<p>&nbsp;<\/p>\n<p>Junto al gobernador y al intendente de Concordia, estuvo presente en la conferencia de prensa la ministra de Desarrollo Humano, Ver\u00f3nica Berisso, el presidente de la Delegaci\u00f3n Argentina de la CTM Salto Grande, Alejandro Daneri y el titular del \u00e1rea de Hidrolog\u00eda de ese organismo, ingeniero Guillermo Collazos.<\/p>\n<p>&nbsp;<\/p>\n<p><strong>Situaci\u00f3n general<\/strong><\/p>\n<p>En un tramo de su alocuci\u00f3n, Frigerio detall\u00f3 que &#8220;estamos con 170 familias evacuadas o autoevacuadas, con un monitoreo permanente de lo que est\u00e1 pasando con el r\u00edo Uruguay&#8221;. En ese contexto, coment\u00f3 que este lunes fue &#8220;un d\u00eda de estabilidad pero no sabemos qu\u00e9 va a ocurrir en el futuro, as\u00ed que estamos permanentemente monitoreando la situaci\u00f3n, hemos hablado con el gobierno nacional que prometi\u00f3 asistencia, estamos trabajando de manera conjunta con el gabinete provincial y el gobierno municipal para asistir a los damnificados con medicamentos, comida, colchones, con lo que haga falta y con agua potable tambi\u00e9n&#8221;.<\/p>\n<p>Adem\u00e1s, el gobernador de Entre R\u00edos inform\u00f3 que las acciones comprenden a las fuerzas de seguridad &#8220;para que se fortalezca la presencia en los lugares, ya que algunos vecinos me han contado de manera personal que est\u00e1n con miedo de sufrir robos, esta es una tarea que exige estar permanentemente encima del problema y aun cuando se vaya el agua; para que la gente se sienta acompa\u00f1ada y que tengan asistencia del Estado para recuperar lo que se perdi\u00f3&#8221;.<\/p>\n<p>En efecto, el mandatario record\u00f3 que estas acciones recuerdan &#8220;como en el 2015, despu\u00e9s de esa gran inundaci\u00f3n que fue una de las peores de la historia y que nos pusimos en marcha, en mi caso desde mi rol de Ministro del Interior de Obras P\u00fablicas para hacer la Defensa Sur y de alguna manera evitar que cientos de vecinos de Concordia sufran las consecuencias de la creciente del r\u00edo&#8221;.<\/p>\n<p>En la actualidad, &#8220;desde este lugar nos toca a m\u00ed y al intendente analizar distintas acciones y llevarlas adelante en estos cuatro a\u00f1os para que las pr\u00f3ximas inundaciones nos encuentre mejor parados como Estado y afecten a la menor cantidad de familias posible&#8221;, agreg\u00f3.<\/p>\n<p>&nbsp;<\/p>\n<p><strong>Tranquilidad a la poblaci\u00f3n<\/strong><\/p>\n<p>A su turno, el intendente de Concordia -Francisco Azcu\u00e9- expres\u00f3 que la actual situaci\u00f3n &#8220;golpea a nuestra ciudad y que es algo que viene desde hace muchos a\u00f1os, nosotros en este momento obviamente estamos enfocados, trabajando en esta situaci\u00f3n de emergencia y quiero transmitir tranquilidad a la poblaci\u00f3n, ya que estamos pudiendo dar respuesta en este momento a la demanda de nuestros vecinos&#8221;.<\/p>\n<p>Seg\u00fan Azcu\u00e9, el Comit\u00e9 de Emergencia &#8220;est\u00e1 trabajando muy bien, tenemos la capacidad t\u00e9cnica, los recursos humanos y materiales para dar respuesta; estoy orgulloso realmente del equipo que tenemos, de lo que tenemos en la Municipalidad, que estamos d\u00e1ndole prioridad a esta situaci\u00f3n&#8221;.<\/p>\n<p>&nbsp;<\/p>\n<p><strong>Relocalizaci\u00f3n<\/strong><\/p>\n<p>En ese orden, el jefe comunal adelant\u00f3 que &#8220;despu\u00e9s de la emergencia, tenemos que pensar en soluciones de fondo, hoy justamente con el gobernador estuvimos recorriendo zonas afectadas y ya estamos avanzando en proyectos que tienen que ver con la relocalizaci\u00f3n de familias afectadas&#8221;.<\/p>\n<p>Ser\u00e1 &#8220;una acci\u00f3n compleja, son pol\u00edticas p\u00fablicas sensibles, que tenemos que desarrollar a lo largo de nuestra gesti\u00f3n, hay que decirle la verdad a la gente, esto no es de un d\u00eda para el otro, va a llevar tiempo&#8221;, mencion\u00f3 Azcu\u00e9. Subrayando que &#8220;nosotros creemos que tenemos que trabajar en la b\u00fasqueda de esas soluciones de fondo pero lo cierto es que estos fen\u00f3menos ocurren toda la vida y van a seguir ocurriendo&#8221;.<\/p>\n<p>Por \u00faltimo, el intendente destac\u00f3 el trabajo en conjunto con la Provincia en cuestiones de seguridad y con &#8220;los comedores, que est\u00e1n asistiendo en los Centros de Evacuados&#8221;. Al igual que &#8220;con la Subsecretar\u00eda de Educaci\u00f3n de la Municipalidad y la Direcci\u00f3n Departamental de Escuelas, porque est\u00e1n llevando a los ni\u00f1os a clases, a todos los ni\u00f1os que est\u00e1n en los Centros de Evacuados para que no se pierdan d\u00edas de clases&#8221;.<\/p>\n","protected":false},"excerpt":{"rendered":"<p>Durante la noche de este lunes, el gobernador Rogelio Frigerio y el intendente de Concordia, Francisco Azcu\u00e9, brindaron una conferencia de prensa con un tema excluyente: la creciente del r\u00edo Uruguay &nbsp; &nbsp; Junto al gobernador y al intendente de Concordia, estuvo presente en la conferencia de prensa la ministra de Desarrollo Humano, Ver\u00f3nica Berisso, el presidente de la Delegaci\u00f3n Argentina de la CTM Salto Grande, Alejandro Daneri y el titular del \u00e1rea de Hidrolog\u00eda de ese organismo, ingeniero Guillermo Collazos. &nbsp; Situaci\u00f3n general En un tramo de su alocuci\u00f3n,&#8230;<\/p>\n","protected":false},"author":3,"featured_media":114419,"comment_status":"closed","ping_status":"closed","sticky":false,"template":"","format":"standard","meta":[],"categories":[9],"tags":[],"_links":{"self":[{"href":"https:\/\/www.actualidadadiario.com\/index.php\/wp-json\/wp\/v2\/posts\/114418"}],"collection":[{"href":"https:\/\/www.actualidadadiario.com\/index.php\/wp-json\/wp\/v2\/posts"}],"about":[{"href":"https:\/\/www.actualidadadiario.com\/index.php\/wp-json\/wp\/v2\/types\/post"}],"author":[{"embeddable":true,"href":"https:\/\/www.actualidadadiario.com\/index.php\/wp-json\/wp\/v2\/users\/3"}],"replies":[{"embeddable":true,"href":"https:\/\/www.actualidadadiario.com\/index.php\/wp-json\/wp\/v2\/comments?post=114418"}],"version-history":[{"count":1,"href":"https:\/\/www.actualidadadiario.com\/index.php\/wp-json\/wp\/v2\/posts\/114418\/revisions"}],"predecessor-version":[{"id":114420,"href":"https:\/\/www.actualidadadiario.com\/index.php\/wp-json\/wp\/v2\/posts\/114418\/revisions\/114420"}],"wp:featuredmedia":[{"embeddable":true,"href":"https:\/\/www.actualidadadiario.com\/index.php\/wp-json\/wp\/v2\/media\/114419"}],"wp:attachment":[{"href":"https:\/\/www.actualidadadiario.com\/index.php\/wp-json\/wp\/v2\/media?parent=114418"}],"wp:term":[{"taxonomy":"category","embeddable":true,"href":"https:\/\/www.actualidadadiario.com\/index.php\/wp-json\/wp\/v2\/categories?post=114418"},{"taxonomy":"post_tag","embeddable":true,"href":"https:\/\/www.actualidadadiario.com\/index.php\/wp-json\/wp\/v2\/tags?post=114418"}],"curies":[{"name":"wp","href":"https:\/\/api.w.org\/{rel}","templated":true}]}}